{"@context":"https:\/\/schema.org\/","@type":"CollectionPage","@id":"https:\/\/www.agenas.sk\/zeny\/#CollectionPage","headline":"\u017deny Category","description":"","url":"https:\/\/www.agenas.sk\/zeny\/","hasPart":[{"@type":"Article","@id":"https:\/\/www.agenas.sk\/moja-byvala-a-nova-zena\/","headline":"Moja b\u00fdval\u00e1 a nov\u00e1 \u017eena","url":"https:\/\/www.agenas.sk\/moja-byvala-a-nova-zena\/","datePublished":"2023-02-11","dateModified":"2024-01-11","mainEntityOfPage":"https:\/\/www.agenas.sk\/moja-byvala-a-nova-zena\/","author":{"@type":"Person","@id":"https:\/\/www.agenas.sk\/author\/#Person","name":"","url":"https:\/\/www.agenas.sk\/author\/","identifier":1,"image":{"@type":"ImageObject","@id":"https:\/\/secure.gravatar.com\/avatar\/188853cc08cfc4af3f5ef42e51d7aa754653be0300e41daf30a10471d44d4592?s=96&d=mm&r=g","url":"https:\/\/secure.gravatar.com\/avatar\/188853cc08cfc4af3f5ef42e51d7aa754653be0300e41daf30a10471d44d4592?s=96&d=mm&r=g","height":96,"width":96}},"publisher":{"@type":"Organization","name":"agenas.sk","logo":{"@type":"ImageObject","@id":"\/logo.png","url":"\/logo.png","width":600,"height":60}},"image":{"@type":"ImageObject","@id":"https:\/\/www.agenas.sk\/wp-content\/uploads\/people-7035403_1280_2.jpg","url":"https:\/\/www.agenas.sk\/wp-content\/uploads\/people-7035403_1280_2.jpg","height":0,"width":0},"keywords":null}]}