[{"@context":"https:\/\/schema.org\/","@type":"Article","@id":"https:\/\/www.agenas.sk\/viete-akym-clovekom-chcete-byt\/#Article","mainEntityOfPage":"https:\/\/www.agenas.sk\/viete-akym-clovekom-chcete-byt\/","headline":"Viete, ak\u00fdm \u010dlovekom chcete by\u0165?","name":"Viete, ak\u00fdm \u010dlovekom chcete by\u0165?","description":"V\u017edy, ke\u010f som sa na seba pozrela do zrkadla, mala som pocit, \u017ee nevid\u00edm \u010dloveka,<a href=\"https:\/\/www.agenas.sk\/viete-akym-clovekom-chcete-byt\/\" class=\"bizsmart-read-more\">Continue Reading<i class=\"fa fa-long-arrow-right\" aria-hidden=\"true\"><\/i><\/a>","datePublished":"2018-07-25","dateModified":"2023-09-05","author":{"@type":"Person","@id":"https:\/\/www.agenas.sk\/author\/#Person","name":"","url":"https:\/\/www.agenas.sk\/author\/","identifier":1,"image":{"@type":"ImageObject","@id":"https:\/\/secure.gravatar.com\/avatar\/188853cc08cfc4af3f5ef42e51d7aa754653be0300e41daf30a10471d44d4592?s=96&d=mm&r=g","url":"https:\/\/secure.gravatar.com\/avatar\/188853cc08cfc4af3f5ef42e51d7aa754653be0300e41daf30a10471d44d4592?s=96&d=mm&r=g","height":96,"width":96}},"publisher":{"@type":"Organization","name":"agenas.sk","logo":{"@type":"ImageObject","@id":"\/logo.png","url":"\/logo.png","width":600,"height":60}},"image":{"@type":"ImageObject","@id":"https:\/\/www.agenas.sk\/wp-content\/uploads\/img_a289765_w16500_t1531991557.jpg","url":"https:\/\/www.agenas.sk\/wp-content\/uploads\/img_a289765_w16500_t1531991557.jpg","height":0,"width":0},"url":"https:\/\/www.agenas.sk\/viete-akym-clovekom-chcete-byt\/","about":["Spolo\u010dnos\u0165"],"wordCount":419,"articleBody":" V\u017edy, ke\u010f som sa na seba pozrela do zrkadla, mala som pocit, \u017ee nevid\u00edm \u010dloveka, ktor\u00e9ho by som chcela vidie\u0165. Myslela som si o sebe, \u017ee vyzer\u00e1m lep\u0161ie. Myslela som si o sebe, \u017ee sa raz na seba pozriem a uvid\u00edm niekoho, na koho budem hrd\u00e1 a s k\u00fdm budem spokojn\u00e1. Ale nebola sm, preto\u017ee som proste nevidela osobu, ktor\u00fa by som chcela vidie\u0165. Neviem, pre\u010do to tak bolo. Viem len, \u017ee to tak proste bolo. A aj ke\u010f ma zo za\u010diatku naozaj ve\u013emi bavilo \u013eutova\u0165 sa, po \u010dase mi do\u0161lo, \u017ee t\u00fdm sa pre m\u0148a proste v\u00f4bec ni\u010d nezmen\u00ed a pr\u00e1ve preto s t\u00fdm mus\u00edm nie\u010do urobi\u0165 ja.Ak s t\u00fdm v\u0161ak \u010dlovek m\u00f4\u017ee nie\u010do urobi\u0165 je najlep\u0161ie, aby to proste urobil hne\u010f teraz. Ja som pochopila, \u017ee nem\u00e1m na \u010do \u010daka\u0165 a \u017ee \u010d\u00edm dlh\u0161ie to budem odklada\u0165, t\u00fdm \u0165a\u017e\u0161ie sa mi s t\u00fdm bude potom nie\u010do robi\u0165.  V\u017edy, ke\u010f som sa pozerala na \u017eeny v mojom okol\u00ed, mala som pocit, \u017ee v\u0161etky s\u00fa so sebou naozaj spokojn\u00e9. Ale ke\u010f som sa s nimi bavila, tvrdili mi nie\u010do in\u00e9. Neviem \u010di len potrebovali po\u010du\u0165, \u017ee s\u00fa kr\u00e1sne, alebo to tak naozaj bolo a naozaj so sebou neboli spokojn\u00e9. Pochopila som v\u0161ak, \u017ee potrebujeme so sebou by\u0165 spokojn\u00e9. Ka\u017ed\u00e1 jedna z n\u00e1s. A to je naozaj d\u00f4le\u017eit\u00e9.V kone\u010dnom d\u00f4sledku je to v\u0161ak na n\u00e1s, ako sa budeme c\u00edti\u0165 a pre\u010do sa c\u00edtime tak, ako sa c\u00edtime. Ale vieme, \u017ee nech sa deje \u010doko\u013evek, niektor\u00e9 veci s\u00fa pre n\u00e1s d\u00f4le\u017eitej\u0161ie, ako s\u00fa tie druh\u00e9. Tak\u017ee, ako s t\u00fdm nalo\u017e\u00edme? Mne bolo jasn\u00e9, \u017ee mus\u00edm schudn\u00fa\u0165, ak chcem by\u0165 so sebou spokojn\u00e1, preto som sa rozhodla pre to, \u017ee sk\u00fasim met\u00f3du, ktor\u00e1 sa vol\u00e1 bielkovinov\u00e1 di\u00e9ta. Vedela som, \u017ee v\u010faka tomuto sa budem so sebou c\u00edti\u0165 spokojnej\u0161ia a naozaj sa mi to vyplatilo. Aj ke\u010f si mysl\u00edm, \u017ee niektor\u00e9 veci s\u00fa jednoducho \u0165a\u017e\u0161ie, ako s\u00fa tie ostatn\u00e9, teraz som presved\u010den\u00e1 o tom, \u017ee v\u0161etko je vlastne naozaj iba o postoji. A ten m\u00f4j bol, \u017ee chcem, aby to v\u0161etko skuto\u010dne vy\u0161lo. A za to som \u0161\u0165astn\u00e1.                                                                                                                                                                                                                                                                                                                                                                                         4.1\/5 - (10 votes)        "},{"@context":"https:\/\/schema.org\/","@type":"BreadcrumbList","itemListElement":[{"@type":"ListItem","position":1,"name":"Viete, ak\u00fdm \u010dlovekom chcete by\u0165?","item":"https:\/\/www.agenas.sk\/viete-akym-clovekom-chcete-byt\/#breadcrumbitem"}]}]