[{"@context":"https:\/\/schema.org\/","@type":"Article","@id":"https:\/\/www.agenas.sk\/vasa-terasa-moze-byt-chranena-pre-uv-ziarenim\/#Article","mainEntityOfPage":"https:\/\/www.agenas.sk\/vasa-terasa-moze-byt-chranena-pre-uv-ziarenim\/","headline":"Va\u0161a terasa m\u00f4\u017ee by\u0165 chr\u00e1nen\u00e1 pre UV \u017eiaren\u00edm","name":"Va\u0161a terasa m\u00f4\u017ee by\u0165 chr\u00e1nen\u00e1 pre UV \u017eiaren\u00edm","description":"V prvom rade je treba poveda\u0165, \u017ee ma\u0165 terasu alebo priestrann\u00fd balk\u00f3n je v dne\u0161nej<a href=\"https:\/\/www.agenas.sk\/vasa-terasa-moze-byt-chranena-pre-uv-ziarenim\/\" class=\"bizsmart-read-more\">Continue Reading<i class=\"fa fa-long-arrow-right\" aria-hidden=\"true\"><\/i><\/a>","datePublished":"2023-07-17","dateModified":"2023-08-17","author":{"@type":"Person","@id":"https:\/\/www.agenas.sk\/author\/#Person","name":"","url":"https:\/\/www.agenas.sk\/author\/","identifier":1,"image":{"@type":"ImageObject","@id":"https:\/\/secure.gravatar.com\/avatar\/188853cc08cfc4af3f5ef42e51d7aa754653be0300e41daf30a10471d44d4592?s=96&d=mm&r=g","url":"https:\/\/secure.gravatar.com\/avatar\/188853cc08cfc4af3f5ef42e51d7aa754653be0300e41daf30a10471d44d4592?s=96&d=mm&r=g","height":96,"width":96}},"publisher":{"@type":"Organization","name":"agenas.sk","logo":{"@type":"ImageObject","@id":"\/logo.png","url":"\/logo.png","width":600,"height":60}},"image":{"@type":"ImageObject","@id":"https:\/\/www.agenas.sk\/wp-content\/uploads\/holiday-home-3322326_640.jpg","url":"https:\/\/www.agenas.sk\/wp-content\/uploads\/holiday-home-3322326_640.jpg","height":0,"width":0},"url":"https:\/\/www.agenas.sk\/vasa-terasa-moze-byt-chranena-pre-uv-ziarenim\/","about":["Tovar"],"wordCount":356,"articleBody":"      V prvom rade je treba poveda\u0165, \u017ee ma\u0165 terasu alebo priestrann\u00fd balk\u00f3n je v dne\u0161nej dobe naozaj ve\u013emi pr\u00edjemn\u00e9. M\u00f4\u017eete si posedie\u0165, vypi\u0165 nejak\u00fd ten drink alebo \u0161\u00e1lku k\u00e1vy a by\u0165 na \u010derstvom vzduchu, pr\u00edpadne na slnie\u010dku. Ke\u010f s\u00fa teplej\u0161ie dni je to obzvl\u00e1\u0161\u0165 pohodln\u00e9 a \u017eiaduce by\u0165 vonku a u\u017e\u00edva\u0165 si \u010derstv\u00fd vzduch. \u010ci u\u017e sed\u00edte v z\u00e1hrade alebo na balk\u00f3ne v obytnom dome je dobr\u00e9 ma\u0165 pod kontrolou v\u0161etky aspekty, ktor\u00e9 vystavovanie sa slne\u010dn\u00e9mu \u017eiareniu obn\u00e1\u0161a. Dnes u\u017e toti\u017e UV l\u00fa\u010de nie s\u00fa \u00faplne to, \u010do b\u00fdval\u00ed a m\u00f4\u017eu sp\u00f4sobova\u0165 ur\u010dit\u00e9 probl\u00e9my. Preto sa \u013eudia pred \u017eiaren\u00edm patri\u010dne chr\u00e1nia, a to najm\u00e4 v letn\u00fdch mesiacoch, ke\u010f je slnko prudk\u00e9 a doslova a\u017e agres\u00edvne.Ochrana pred slnkom a UV \u017eiaren\u00edm na terase https:\/\/www.screenoverolety.sk\/ochrana-pred-slnkom-a-uv-ziarenim-na-terase-alebo-balkone-ako-screenove-rolety-zabezpecuju-vas-komfort-a-zdravie\/ M\u00f4\u017ee by\u0165 aj pre v\u00e1s ve\u013emi praktick\u00fdm a efekt\u00edvnym rie\u0161en\u00edm, ako zv\u00fd\u0161i\u0165 ochranu seba a svojej rodiny pred UV l\u00fa\u010dmi. Screenov\u00e9 rolety s\u00fa ide\u00e1lnym rie\u0161en\u00edm, nako\u013eko s\u00fa vyroben\u00e9 z kvalitn\u00fdch materi\u00e1lov, ktor\u00e9 \u017eiarenie ve\u013emi efekt\u00edvne zachyt\u00e1vaj\u00fa. Podobn\u00e1 roleta zachyt\u00ed a\u017e 97 % UV \u017eiarenia. Materi\u00e1ly s\u00fa z\u00e1rove\u0148 odoln\u00e9 vo\u010di vplyvom prostredia, po\u010dasiu a ne\u010dist\u00f4t. Navy\u0161e, rolety sa daj\u00fa vymera\u0165 a prisp\u00f4sobi\u0165 presne na priestor, ktor\u00fd doma m\u00e1te a kde chcete tieto mimoriadne modern\u00e9 a \u00fa\u010dinn\u00e9 zariadenia umiestni\u0165. Daj\u00fa sa objedna\u0165 v r\u00f4znych prevedeniach, rozmeroch s vo\u013ebou r\u00f4znych \u010fal\u0161\u00edch parametrov, ktor\u00e9 sa dozviete napr\u00edklad na webov\u00fdch str\u00e1nkach. Rolety dokonca pom\u00e1haj\u00fa zni\u017eova\u0165 teplotu nako\u013eko zachyt\u00e1vaj\u00fa slne\u010dn\u00e9 \u017eiarenie. Vytvoria v\u00e1m tak pr\u00edjemn\u00fd tie\u0148, chl\u00e1dok a priestor pre dokonal\u00fa relax\u00e1ciu v hor\u00facich letn\u00fdch d\u0148och. S\u00fa vhodn\u00e9 nateraz s\u00fa, balk\u00f3n, alt\u00e1nok \u010di in\u00e9 priestory, kde sa daj\u00fa rolety upevnenia namontova\u0165. Pou\u017e\u00edvaj\u00fa sa dokonca aj na presklen\u00e9 ve\u013ek\u00e9 okn\u00e1 v apartm\u00e1noch, domoch alebo bytoch.                                                                                                                                                                                                                                                                                                                                                                                           4.6\/5 - (11 votes)        "},{"@context":"https:\/\/schema.org\/","@type":"BreadcrumbList","itemListElement":[{"@type":"ListItem","position":1,"name":"Va\u0161a terasa m\u00f4\u017ee by\u0165 chr\u00e1nen\u00e1 pre UV \u017eiaren\u00edm","item":"https:\/\/www.agenas.sk\/vasa-terasa-moze-byt-chranena-pre-uv-ziarenim\/#breadcrumbitem"}]}]