[{"@context":"https:\/\/schema.org\/","@type":"Article","@id":"https:\/\/www.agenas.sk\/reflexne-vesty\/#Article","mainEntityOfPage":"https:\/\/www.agenas.sk\/reflexne-vesty\/","headline":"Reflexn\u00e9 vesty","name":"Reflexn\u00e9 vesty","description":"Reflexn\u00e9 vesty potrebujete ka\u017ed\u00e1 stavebn\u00e1 firma pre svojich zamestnancov, ktor\u00fd pracuj\u00fa na stavbe, alebo na<a href=\"https:\/\/www.agenas.sk\/reflexne-vesty\/\" class=\"bizsmart-read-more\">Continue Reading<i class=\"fa fa-long-arrow-right\" aria-hidden=\"true\"><\/i><\/a>","datePublished":"2023-06-14","dateModified":"2023-07-14","author":{"@type":"Person","@id":"https:\/\/www.agenas.sk\/author\/#Person","name":"","url":"https:\/\/www.agenas.sk\/author\/","identifier":1,"image":{"@type":"ImageObject","@id":"https:\/\/secure.gravatar.com\/avatar\/188853cc08cfc4af3f5ef42e51d7aa754653be0300e41daf30a10471d44d4592?s=96&d=mm&r=g","url":"https:\/\/secure.gravatar.com\/avatar\/188853cc08cfc4af3f5ef42e51d7aa754653be0300e41daf30a10471d44d4592?s=96&d=mm&r=g","height":96,"width":96}},"publisher":{"@type":"Organization","name":"agenas.sk","logo":{"@type":"ImageObject","@id":"\/logo.png","url":"\/logo.png","width":600,"height":60}},"image":{"@type":"ImageObject","@id":"https:\/\/www.agenas.sk\/wp-content\/uploads\/car-accident-geb60ae2a5_1280.jpeg","url":"https:\/\/www.agenas.sk\/wp-content\/uploads\/car-accident-geb60ae2a5_1280.jpeg","height":0,"width":0},"url":"https:\/\/www.agenas.sk\/reflexne-vesty\/","about":["Tovar"],"wordCount":371,"articleBody":"      Reflexn\u00e9 vesty potrebujete ka\u017ed\u00e1 stavebn\u00e1 firma pre svojich zamestnancov, ktor\u00fd pracuj\u00fa na stavbe, alebo na \u0148u dohliadaj\u00fa a musia \u010dastokr\u00e1t od\u00eds\u0165 na ter\u00e9n. Reflexn\u00e9 vesty maj\u00fa reflexn\u00e9 p\u00e1sy, ktor\u00e9 zabezpe\u010duj\u00fa \u013eahk\u00fa vidite\u013enos\u0165 osoby v ter\u00e9ne, \u010d\u00edm sa zmen\u0161uje riziko pracovn\u00e9ho \u00farazu sp\u00f4soben\u00e9ho slabou vidite\u013enos\u0165ou zamestnanca. Okrem vidite\u013en\u00fdch reflexn\u00fdch p\u00e1sov, je v\u0161ak ve\u013emi praktick\u00e9 ma\u0165 na veste aj vidite\u013en\u00fd n\u00e1zov alebo aspo\u0148 logo va\u0161ej firmy. Najm\u00e4, ke\u010f na stavbe pracuje viac firiem s\u00fa\u010dasne je praktick\u00e9, ke\u010f pozn\u00e1te, ktor\u00ed zamestnanci patria do va\u0161ej firmy. Av\u0161ak logo alebo n\u00e1zov firmy m\u00f4\u017ee by\u0165 aj skvelou reklamou, pre va\u0161u stavebn\u00fa firmu. Ke\u010f zamestnanci bud\u00fa nosi\u0165 reflexn\u00e9 vesty, v\u0161etci bud\u00fa vidie\u0165 n\u00e1zov va\u0161ej firmy, a tak sa \u013eahko dostane do povedomia \u013eud\u00ed.Povinnou v\u00fdbavou ka\u017ed\u00e9ho auta by mala by\u0165 reflexn\u00e1 vesta. Preto reflexn\u00e1 vesta s potla\u010dou s va\u0161im logom, alebo n\u00e1zvom firmy m\u00f4\u017ee by\u0165 praktick\u00fdm dar\u010dekom pre va\u0161ich z\u00e1kazn\u00edkov, a obchodn\u00fdch partnerov, ako aj milou pozornos\u0165ou pre va\u0161ich zamestnancov, alebo nejak\u00fdm sponzorsk\u00fdm darom napr\u00edklad pre \u0161koly, \u0161k\u00f4lky alebo nejak\u00e9 automobilov\u00e9 \u010di motocyklistick\u00e9 preteky a pod.V Promodar\u010deky si m\u00f4\u017eete vybra\u0165 zo \u0161irokej ponuky reflexn\u00fdch viest. Ak potrebujete poradi\u0165 oh\u013eadom v\u00fdberu reflexn\u00fdch viest a umiestnen\u00edm v\u00e1\u0161ho loga, alebo n\u00e1zvu firmy nev\u00e1hajte sa obr\u00e1ti\u0165 priamo na n\u00e1s. My v\u00e1m vytvor\u00edme viacero grafick\u00fdch n\u00e1vrhov, a porad\u00edme v\u00e1m, vo v\u00fdbere farby, p\u00edsma aj vzoru, aby n\u00e1pis bo\u013e \u013eahko a dobre vidite\u013en\u00fd. V ponuke u n\u00e1s m\u00e1te tie\u017e in\u00e9 reflexn\u00e9 predmety, ako s\u00fa reflexn\u00e9 p\u00e1sky a n\u00e1ramky, ktor\u00e9 taktie\u017e m\u00f4\u017eu by\u0165 skvel\u00fdm reklamn\u00fdm a firemn\u00fdm predmetom, na ktorom m\u00f4\u017ee by\u0165 umiestnen\u00e1 potla\u010d s n\u00e1zvom va\u0161ej firmy, alebo logom, \u010di in\u00fdm n\u00e1pisom pod\u013ea v\u00e1\u0161ho \u017eelania a predst\u00e1v. Spolupracujte s najlep\u0161\u00edmi vo svete potla\u010de, spolupracujte s www.promodar\u010deky.sk.                                                                                                                                                                                                                                                                                                                                                                                          4.4\/5 - (10 votes)        "},{"@context":"https:\/\/schema.org\/","@type":"BreadcrumbList","itemListElement":[{"@type":"ListItem","position":1,"name":"Reflexn\u00e9 vesty","item":"https:\/\/www.agenas.sk\/reflexne-vesty\/#breadcrumbitem"}]}]