[{"@context":"https:\/\/schema.org\/","@type":"Blog","@id":"https:\/\/www.agenas.sk#Blog","headline":"Agenas","description":"\nNie sme v\u010deraj\u0161\u00ed. Na na\u0161om webe, n\u00e1jdete aktuality od v\u00fdmyslu sveta neust\u00e1le. Sme s\u00fa\u010dasn\u00ed, modern\u00ed, pokrokov\u00fd a m\u00e1me pre v\u00e1s v\u017edy nie\u010do naviac.","url":"https:\/\/www.agenas.sk","hasPart":[{"@type":"Article","@id":"https:\/\/www.agenas.sk\/kvalitne-sklenene-dvere-si-vyzaduju-aj-co-najkvalitnejsie-kovanie\/","headline":"Kvalitn\u00e9 sklenen\u00e9 dvere si vy\u017eaduj\u00fa aj \u010do najkvalitnej\u0161ie kovanie.","url":"https:\/\/www.agenas.sk\/kvalitne-sklenene-dvere-si-vyzaduju-aj-co-najkvalitnejsie-kovanie\/","datePublished":"2022-07-07","dateModified":"2024-02-29","mainEntityOfPage":"https:\/\/www.agenas.sk\/kvalitne-sklenene-dvere-si-vyzaduju-aj-co-najkvalitnejsie-kovanie\/","author":{"@type":"Person","@id":"https:\/\/www.agenas.sk\/author\/#Person","name":"","url":"https:\/\/www.agenas.sk\/author\/","identifier":1,"image":{"@type":"ImageObject","@id":"https:\/\/secure.gravatar.com\/avatar\/188853cc08cfc4af3f5ef42e51d7aa754653be0300e41daf30a10471d44d4592?s=96&d=mm&r=g","url":"https:\/\/secure.gravatar.com\/avatar\/188853cc08cfc4af3f5ef42e51d7aa754653be0300e41daf30a10471d44d4592?s=96&d=mm&r=g","height":96,"width":96}},"publisher":{"@type":"Organization","name":"agenas.sk","logo":{"@type":"ImageObject","@id":"\/logo.png","url":"\/logo.png","width":600,"height":60}},"image":{"@type":"ImageObject","@id":"https:\/\/www.agenas.sk\/wp-content\/uploads\/sklenen%C3%A9%20dvere%20(14).jpg","url":"https:\/\/www.agenas.sk\/wp-content\/uploads\/sklenen%C3%A9%20dvere%20(14).jpg","height":0,"width":0},"wordCount":536,"keywords":null},{"@type":"Article","@id":"https:\/\/www.agenas.sk\/dizajnove-hlinikove-okna\/","headline":"Dizajnov\u00e9 hlin\u00edkov\u00e9 okn\u00e1","url":"https:\/\/www.agenas.sk\/dizajnove-hlinikove-okna\/","datePublished":"2022-02-07","dateModified":"2022-02-07","mainEntityOfPage":"https:\/\/www.agenas.sk\/dizajnove-hlinikove-okna\/","author":{"@type":"Person","@id":"https:\/\/www.agenas.sk\/author\/#Person","name":"","url":"https:\/\/www.agenas.sk\/author\/","identifier":1,"image":{"@type":"ImageObject","@id":"https:\/\/secure.gravatar.com\/avatar\/188853cc08cfc4af3f5ef42e51d7aa754653be0300e41daf30a10471d44d4592?s=96&d=mm&r=g","url":"https:\/\/secure.gravatar.com\/avatar\/188853cc08cfc4af3f5ef42e51d7aa754653be0300e41daf30a10471d44d4592?s=96&d=mm&r=g","height":96,"width":96}},"publisher":{"@type":"Organization","name":"agenas.sk","logo":{"@type":"ImageObject","@id":"\/logo.png","url":"\/logo.png","width":600,"height":60}},"image":{"@type":"ImageObject","@id":"https:\/\/www.agenas.sk\/wp-content\/uploads\/garden-windows-3906221__480.jpg","url":"https:\/\/www.agenas.sk\/wp-content\/uploads\/garden-windows-3906221__480.jpg","height":0,"width":0},"wordCount":586,"keywords":null},{"@type":"Article","@id":"https:\/\/www.agenas.sk\/dvere-v-protipoziarnej-uprave-zabrania-ohnu-v-jeho-rozsireni\/","headline":"Dvere v protipo\u017eiarnej \u00faprave zabr\u00e1nia oh\u0148u v jeho roz\u0161\u00edren\u00ed","url":"https:\/\/www.agenas.sk\/dvere-v-protipoziarnej-uprave-zabrania-ohnu-v-jeho-rozsireni\/","datePublished":"2021-09-25","dateModified":"2021-09-25","mainEntityOfPage":"https:\/\/www.agenas.sk\/dvere-v-protipoziarnej-uprave-zabrania-ohnu-v-jeho-rozsireni\/","author":{"@type":"Person","@id":"https:\/\/www.agenas.sk\/author\/#Person","name":"","url":"https:\/\/www.agenas.sk\/author\/","identifier":1,"image":{"@type":"ImageObject","@id":"https:\/\/secure.gravatar.com\/avatar\/188853cc08cfc4af3f5ef42e51d7aa754653be0300e41daf30a10471d44d4592?s=96&d=mm&r=g","url":"https:\/\/secure.gravatar.com\/avatar\/188853cc08cfc4af3f5ef42e51d7aa754653be0300e41daf30a10471d44d4592?s=96&d=mm&r=g","height":96,"width":96}},"publisher":{"@type":"Organization","name":"agenas.sk","logo":{"@type":"ImageObject","@id":"\/logo.png","url":"\/logo.png","width":600,"height":60}},"image":{"@type":"ImageObject","@id":"https:\/\/www.agenas.sk\/wp-content\/uploads\/ohen%20poziar_1.jpg","url":"https:\/\/www.agenas.sk\/wp-content\/uploads\/ohen%20poziar_1.jpg","height":0,"width":0},"wordCount":543,"keywords":null},{"@type":"Article","@id":"https:\/\/www.agenas.sk\/z-drobnych-sucasti-sa-skladaju-velke-celky\/","headline":"Z drobn\u00fdch s\u00fa\u010dast\u00ed sa skladaj\u00fa ve\u013ek\u00e9 celky","url":"https:\/\/www.agenas.sk\/z-drobnych-sucasti-sa-skladaju-velke-celky\/","datePublished":"2021-09-16","dateModified":"2021-09-16","mainEntityOfPage":"https:\/\/www.agenas.sk\/z-drobnych-sucasti-sa-skladaju-velke-celky\/","author":{"@type":"Person","@id":"https:\/\/www.agenas.sk\/author\/#Person","name":"","url":"https:\/\/www.agenas.sk\/author\/","identifier":1,"image":{"@type":"ImageObject","@id":"https:\/\/secure.gravatar.com\/avatar\/188853cc08cfc4af3f5ef42e51d7aa754653be0300e41daf30a10471d44d4592?s=96&d=mm&r=g","url":"https:\/\/secure.gravatar.com\/avatar\/188853cc08cfc4af3f5ef42e51d7aa754653be0300e41daf30a10471d44d4592?s=96&d=mm&r=g","height":96,"width":96}},"publisher":{"@type":"Organization","name":"agenas.sk","logo":{"@type":"ImageObject","@id":"\/logo.png","url":"\/logo.png","width":600,"height":60}},"image":{"@type":"ImageObject","@id":"https:\/\/www.agenas.sk\/wp-content\/uploads\/sklenen%C3%A9%20dvre%202_1.jpg","url":"https:\/\/www.agenas.sk\/wp-content\/uploads\/sklenen%C3%A9%20dvre%202_1.jpg","height":0,"width":0},"wordCount":530,"keywords":null},{"@type":"Article","@id":"https:\/\/www.agenas.sk\/nitrania-sa-nemusia-bat-aj-u-nich-funguje-firma-na-cistenie-kanalizacii\/","headline":"Nitrania sa nemusia b\u00e1\u0165, aj u nich funguje firma na \u010distenie kanaliz\u00e1ci\u00ed","url":"https:\/\/www.agenas.sk\/nitrania-sa-nemusia-bat-aj-u-nich-funguje-firma-na-cistenie-kanalizacii\/","datePublished":"2021-06-15","dateModified":"2023-04-29","mainEntityOfPage":"https:\/\/www.agenas.sk\/nitrania-sa-nemusia-bat-aj-u-nich-funguje-firma-na-cistenie-kanalizacii\/","author":{"@type":"Person","@id":"https:\/\/www.agenas.sk\/author\/#Person","name":"","url":"https:\/\/www.agenas.sk\/author\/","identifier":1,"image":{"@type":"ImageObject","@id":"https:\/\/secure.gravatar.com\/avatar\/188853cc08cfc4af3f5ef42e51d7aa754653be0300e41daf30a10471d44d4592?s=96&d=mm&r=g","url":"https:\/\/secure.gravatar.com\/avatar\/188853cc08cfc4af3f5ef42e51d7aa754653be0300e41daf30a10471d44d4592?s=96&d=mm&r=g","height":96,"width":96}},"publisher":{"@type":"Organization","name":"agenas.sk","logo":{"@type":"ImageObject","@id":"\/logo.png","url":"\/logo.png","width":600,"height":60}},"image":{"@type":"ImageObject","@id":"https:\/\/www.agenas.sk\/wp-content\/uploads\/odtok,%20voda.jpg","url":"https:\/\/www.agenas.sk\/wp-content\/uploads\/odtok,%20voda.jpg","height":0,"width":0},"wordCount":727,"keywords":null},{"@type":"Article","@id":"https:\/\/www.agenas.sk\/preco-si-vyberat-kvalitnu-kozenu-penazenku\/","headline":"Pre\u010do si vybera\u0165 kvalitn\u00fa ko\u017een\u00fa pe\u0148a\u017eenku","url":"https:\/\/www.agenas.sk\/preco-si-vyberat-kvalitnu-kozenu-penazenku\/","datePublished":"2020-12-15","dateModified":"2023-09-09","mainEntityOfPage":"https:\/\/www.agenas.sk\/preco-si-vyberat-kvalitnu-kozenu-penazenku\/","author":{"@type":"Person","@id":"https:\/\/www.agenas.sk\/author\/#Person","name":"","url":"https:\/\/www.agenas.sk\/author\/","identifier":1,"image":{"@type":"ImageObject","@id":"https:\/\/secure.gravatar.com\/avatar\/188853cc08cfc4af3f5ef42e51d7aa754653be0300e41daf30a10471d44d4592?s=96&d=mm&r=g","url":"https:\/\/secure.gravatar.com\/avatar\/188853cc08cfc4af3f5ef42e51d7aa754653be0300e41daf30a10471d44d4592?s=96&d=mm&r=g","height":96,"width":96}},"publisher":{"@type":"Organization","name":"agenas.sk","logo":{"@type":"ImageObject","@id":"\/logo.png","url":"\/logo.png","width":600,"height":60}},"image":{"@type":"ImageObject","@id":"https:\/\/www.agenas.sk\/wp-content\/uploads\/handbag-3635212_640.jpg","url":"https:\/\/www.agenas.sk\/wp-content\/uploads\/handbag-3635212_640.jpg","height":0,"width":0},"wordCount":563,"keywords":null},{"@type":"Article","@id":"https:\/\/www.agenas.sk\/viacere-diety-zabudaju-na-prijem-bielkovin-a-to-je-chyba\/","headline":"Viacer\u00e9 di\u00e9ty zab\u00fadaj\u00fa na pr\u00edjem bielkov\u00edn a to je chyba!","url":"https:\/\/www.agenas.sk\/viacere-diety-zabudaju-na-prijem-bielkovin-a-to-je-chyba\/","datePublished":"2020-12-12","dateModified":"2023-09-13","mainEntityOfPage":"https:\/\/www.agenas.sk\/viacere-diety-zabudaju-na-prijem-bielkovin-a-to-je-chyba\/","author":{"@type":"Person","@id":"https:\/\/www.agenas.sk\/author\/#Person","name":"","url":"https:\/\/www.agenas.sk\/author\/","identifier":1,"image":{"@type":"ImageObject","@id":"https:\/\/secure.gravatar.com\/avatar\/188853cc08cfc4af3f5ef42e51d7aa754653be0300e41daf30a10471d44d4592?s=96&d=mm&r=g","url":"https:\/\/secure.gravatar.com\/avatar\/188853cc08cfc4af3f5ef42e51d7aa754653be0300e41daf30a10471d44d4592?s=96&d=mm&r=g","height":96,"width":96}},"publisher":{"@type":"Organization","name":"agenas.sk","logo":{"@type":"ImageObject","@id":"\/logo.png","url":"\/logo.png","width":600,"height":60}},"image":{"@type":"ImageObject","@id":"https:\/\/www.agenas.sk\/wp-content\/uploads\/%C5%BEena,%20fitness.jpg","url":"https:\/\/www.agenas.sk\/wp-content\/uploads\/%C5%BEena,%20fitness.jpg","height":0,"width":0},"wordCount":534,"keywords":null},{"@type":"Article","@id":"https:\/\/www.agenas.sk\/skuste-nieco-ucinne-skuste-keto-dietu\/","headline":"Sk\u00faste nie\u010do \u00fa\u010dinn\u00e9, sk\u00faste keto di\u00e9tu!","url":"https:\/\/www.agenas.sk\/skuste-nieco-ucinne-skuste-keto-dietu\/","datePublished":"2020-11-14","dateModified":"2023-09-08","mainEntityOfPage":"https:\/\/www.agenas.sk\/skuste-nieco-ucinne-skuste-keto-dietu\/","author":{"@type":"Person","@id":"https:\/\/www.agenas.sk\/author\/#Person","name":"","url":"https:\/\/www.agenas.sk\/author\/","identifier":1,"image":{"@type":"ImageObject","@id":"https:\/\/secure.gravatar.com\/avatar\/188853cc08cfc4af3f5ef42e51d7aa754653be0300e41daf30a10471d44d4592?s=96&d=mm&r=g","url":"https:\/\/secure.gravatar.com\/avatar\/188853cc08cfc4af3f5ef42e51d7aa754653be0300e41daf30a10471d44d4592?s=96&d=mm&r=g","height":96,"width":96}},"publisher":{"@type":"Organization","name":"agenas.sk","logo":{"@type":"ImageObject","@id":"\/logo.png","url":"\/logo.png","width":600,"height":60}},"image":{"@type":"ImageObject","@id":"https:\/\/www.agenas.sk\/wp-content\/uploads\/chudnutie,%20nohavie.jpg","url":"https:\/\/www.agenas.sk\/wp-content\/uploads\/chudnutie,%20nohavie.jpg","height":0,"width":0},"wordCount":513,"keywords":null},{"@type":"Article","@id":"https:\/\/www.agenas.sk\/pomozeme-vam-reklamou\/","headline":"Pom\u00f4\u017eeme v\u00e1m reklamou!","url":"https:\/\/www.agenas.sk\/pomozeme-vam-reklamou\/","datePublished":"2020-09-09","dateModified":"2023-09-25","mainEntityOfPage":"https:\/\/www.agenas.sk\/pomozeme-vam-reklamou\/","author":{"@type":"Person","@id":"https:\/\/www.agenas.sk\/author\/#Person","name":"","url":"https:\/\/www.agenas.sk\/author\/","identifier":1,"image":{"@type":"ImageObject","@id":"https:\/\/secure.gravatar.com\/avatar\/188853cc08cfc4af3f5ef42e51d7aa754653be0300e41daf30a10471d44d4592?s=96&d=mm&r=g","url":"https:\/\/secure.gravatar.com\/avatar\/188853cc08cfc4af3f5ef42e51d7aa754653be0300e41daf30a10471d44d4592?s=96&d=mm&r=g","height":96,"width":96}},"publisher":{"@type":"Organization","name":"agenas.sk","logo":{"@type":"ImageObject","@id":"\/logo.png","url":"\/logo.png","width":600,"height":60}},"image":{"@type":"ImageObject","@id":"https:\/\/www.agenas.sk\/wp-content\/uploads\/7-Ways-to-Increase-Sales-Using-SEO-blog_3.jpg","url":"https:\/\/www.agenas.sk\/wp-content\/uploads\/7-Ways-to-Increase-Sales-Using-SEO-blog_3.jpg","height":0,"width":0},"wordCount":549,"keywords":null},{"@type":"Article","@id":"https:\/\/www.agenas.sk\/led-reflektor-odhali-aj-to-co-nevidiet\/","headline":"LED reflektor odhal\u00ed aj to, \u010do nevidie\u0165","url":"https:\/\/www.agenas.sk\/led-reflektor-odhali-aj-to-co-nevidiet\/","datePublished":"2020-09-04","dateModified":"2023-10-18","mainEntityOfPage":"https:\/\/www.agenas.sk\/led-reflektor-odhali-aj-to-co-nevidiet\/","author":{"@type":"Person","@id":"https:\/\/www.agenas.sk\/author\/#Person","name":"","url":"https:\/\/www.agenas.sk\/author\/","identifier":1,"image":{"@type":"ImageObject","@id":"https:\/\/secure.gravatar.com\/avatar\/188853cc08cfc4af3f5ef42e51d7aa754653be0300e41daf30a10471d44d4592?s=96&d=mm&r=g","url":"https:\/\/secure.gravatar.com\/avatar\/188853cc08cfc4af3f5ef42e51d7aa754653be0300e41daf30a10471d44d4592?s=96&d=mm&r=g","height":96,"width":96}},"publisher":{"@type":"Organization","name":"agenas.sk","logo":{"@type":"ImageObject","@id":"\/logo.png","url":"\/logo.png","width":600,"height":60}},"image":{"@type":"ImageObject","@id":"https:\/\/www.agenas.sk\/wp-content\/uploads\/lampi%C4%8Dka,%20svetlo_1.jpg","url":"https:\/\/www.agenas.sk\/wp-content\/uploads\/lampi%C4%8Dka,%20svetlo_1.jpg","height":0,"width":0},"wordCount":525,"keywords":null}]},{"@context":"https:\/\/schema.org","@type":"WebSite","@id":"https:\/\/www.agenas.sk\/#website","name":"Agenas","url":"https:\/\/www.agenas.sk","potentialAction":{"@type":"SearchAction","target":"https:\/\/www.agenas.sk\/?s={search_term_string}","query-input":"required name=search_term_string"}}]