[{"@context":"https:\/\/schema.org\/","@type":"Blog","@id":"https:\/\/www.agenas.sk#Blog","headline":"Agenas","description":"\nNie sme v\u010deraj\u0161\u00ed. Na na\u0161om webe, n\u00e1jdete aktuality od v\u00fdmyslu sveta neust\u00e1le. Sme s\u00fa\u010dasn\u00ed, modern\u00ed, pokrokov\u00fd a m\u00e1me pre v\u00e1s v\u017edy nie\u010do naviac.","url":"https:\/\/www.agenas.sk","hasPart":[{"@type":"Article","@id":"https:\/\/www.agenas.sk\/antikor-alebo-drevo\/","headline":"Antikor alebo drevo?","url":"https:\/\/www.agenas.sk\/antikor-alebo-drevo\/","datePublished":"2023-07-21","dateModified":"2023-08-22","mainEntityOfPage":"https:\/\/www.agenas.sk\/antikor-alebo-drevo\/","author":{"@type":"Person","@id":"https:\/\/www.agenas.sk\/author\/#Person","name":"","url":"https:\/\/www.agenas.sk\/author\/","identifier":1,"image":{"@type":"ImageObject","@id":"https:\/\/secure.gravatar.com\/avatar\/188853cc08cfc4af3f5ef42e51d7aa754653be0300e41daf30a10471d44d4592?s=96&d=mm&r=g","url":"https:\/\/secure.gravatar.com\/avatar\/188853cc08cfc4af3f5ef42e51d7aa754653be0300e41daf30a10471d44d4592?s=96&d=mm&r=g","height":96,"width":96}},"publisher":{"@type":"Organization","name":"agenas.sk","logo":{"@type":"ImageObject","@id":"\/logo.png","url":"\/logo.png","width":600,"height":60}},"image":{"@type":"ImageObject","@id":"https:\/\/www.agenas.sk\/wp-content\/uploads\/pexels-jess-loiterton-4785154_1.jpg","url":"https:\/\/www.agenas.sk\/wp-content\/uploads\/pexels-jess-loiterton-4785154_1.jpg","height":0,"width":0},"wordCount":618,"keywords":null},{"@type":"Article","@id":"https:\/\/www.agenas.sk\/pobyt-s-wellnessom-a-polpenziou\/","headline":"Pobyt s wellnessom a polpenziou","url":"https:\/\/www.agenas.sk\/pobyt-s-wellnessom-a-polpenziou\/","datePublished":"2023-07-18","dateModified":"2024-05-27","mainEntityOfPage":"https:\/\/www.agenas.sk\/pobyt-s-wellnessom-a-polpenziou\/","author":{"@type":"Person","@id":"https:\/\/www.agenas.sk\/author\/#Person","name":"","url":"https:\/\/www.agenas.sk\/author\/","identifier":1,"image":{"@type":"ImageObject","@id":"https:\/\/secure.gravatar.com\/avatar\/188853cc08cfc4af3f5ef42e51d7aa754653be0300e41daf30a10471d44d4592?s=96&d=mm&r=g","url":"https:\/\/secure.gravatar.com\/avatar\/188853cc08cfc4af3f5ef42e51d7aa754653be0300e41daf30a10471d44d4592?s=96&d=mm&r=g","height":96,"width":96}},"publisher":{"@type":"Organization","name":"agenas.sk","logo":{"@type":"ImageObject","@id":"\/logo.png","url":"\/logo.png","width":600,"height":60}},"image":{"@type":"ImageObject","@id":"https:\/\/www.agenas.sk\/wp-content\/uploads\/salmon-518032_1280.jpg","url":"https:\/\/www.agenas.sk\/wp-content\/uploads\/salmon-518032_1280.jpg","height":0,"width":0},"wordCount":764,"keywords":null},{"@type":"Article","@id":"https:\/\/www.agenas.sk\/lacnejsie-celorocne-byvanie\/","headline":"Lacnej\u0161ie celoro\u010dn\u00e9 b\u00fdvanie","url":"https:\/\/www.agenas.sk\/lacnejsie-celorocne-byvanie\/","datePublished":"2023-07-17","dateModified":"2023-08-22","mainEntityOfPage":"https:\/\/www.agenas.sk\/lacnejsie-celorocne-byvanie\/","author":{"@type":"Person","@id":"https:\/\/www.agenas.sk\/author\/#Person","name":"","url":"https:\/\/www.agenas.sk\/author\/","identifier":1,"image":{"@type":"ImageObject","@id":"https:\/\/secure.gravatar.com\/avatar\/188853cc08cfc4af3f5ef42e51d7aa754653be0300e41daf30a10471d44d4592?s=96&d=mm&r=g","url":"https:\/\/secure.gravatar.com\/avatar\/188853cc08cfc4af3f5ef42e51d7aa754653be0300e41daf30a10471d44d4592?s=96&d=mm&r=g","height":96,"width":96}},"publisher":{"@type":"Organization","name":"agenas.sk","logo":{"@type":"ImageObject","@id":"\/logo.png","url":"\/logo.png","width":600,"height":60}},"image":{"@type":"ImageObject","@id":"https:\/\/www.agenas.sk\/wp-content\/uploads\/pexels-photo-8112849_1.jpeg","url":"https:\/\/www.agenas.sk\/wp-content\/uploads\/pexels-photo-8112849_1.jpeg","height":0,"width":0},"wordCount":578,"keywords":null},{"@type":"Article","@id":"https:\/\/www.agenas.sk\/vasa-terasa-moze-byt-chranena-pre-uv-ziarenim\/","headline":"Va\u0161a terasa m\u00f4\u017ee by\u0165 chr\u00e1nen\u00e1 pre UV \u017eiaren\u00edm","url":"https:\/\/www.agenas.sk\/vasa-terasa-moze-byt-chranena-pre-uv-ziarenim\/","datePublished":"2023-07-17","dateModified":"2023-08-17","mainEntityOfPage":"https:\/\/www.agenas.sk\/vasa-terasa-moze-byt-chranena-pre-uv-ziarenim\/","author":{"@type":"Person","@id":"https:\/\/www.agenas.sk\/author\/#Person","name":"","url":"https:\/\/www.agenas.sk\/author\/","identifier":1,"image":{"@type":"ImageObject","@id":"https:\/\/secure.gravatar.com\/avatar\/188853cc08cfc4af3f5ef42e51d7aa754653be0300e41daf30a10471d44d4592?s=96&d=mm&r=g","url":"https:\/\/secure.gravatar.com\/avatar\/188853cc08cfc4af3f5ef42e51d7aa754653be0300e41daf30a10471d44d4592?s=96&d=mm&r=g","height":96,"width":96}},"publisher":{"@type":"Organization","name":"agenas.sk","logo":{"@type":"ImageObject","@id":"\/logo.png","url":"\/logo.png","width":600,"height":60}},"image":{"@type":"ImageObject","@id":"https:\/\/www.agenas.sk\/wp-content\/uploads\/holiday-home-3322326_640.jpg","url":"https:\/\/www.agenas.sk\/wp-content\/uploads\/holiday-home-3322326_640.jpg","height":0,"width":0},"wordCount":466,"keywords":null},{"@type":"Article","@id":"https:\/\/www.agenas.sk\/zelena-matcha\/","headline":"Zelen\u00e1 matcha","url":"https:\/\/www.agenas.sk\/zelena-matcha\/","datePublished":"2023-07-08","dateModified":"2024-05-01","mainEntityOfPage":"https:\/\/www.agenas.sk\/zelena-matcha\/","author":{"@type":"Person","@id":"https:\/\/www.agenas.sk\/author\/#Person","name":"","url":"https:\/\/www.agenas.sk\/author\/","identifier":1,"image":{"@type":"ImageObject","@id":"https:\/\/secure.gravatar.com\/avatar\/188853cc08cfc4af3f5ef42e51d7aa754653be0300e41daf30a10471d44d4592?s=96&d=mm&r=g","url":"https:\/\/secure.gravatar.com\/avatar\/188853cc08cfc4af3f5ef42e51d7aa754653be0300e41daf30a10471d44d4592?s=96&d=mm&r=g","height":96,"width":96}},"publisher":{"@type":"Organization","name":"agenas.sk","logo":{"@type":"ImageObject","@id":"\/logo.png","url":"\/logo.png","width":600,"height":60}},"image":{"@type":"ImageObject","@id":"https:\/\/www.agenas.sk\/wp-content\/uploads\/matcha-6079526_1280-3.jpg","url":"https:\/\/www.agenas.sk\/wp-content\/uploads\/matcha-6079526_1280-3.jpg","height":0,"width":0},"wordCount":695,"keywords":null},{"@type":"Article","@id":"https:\/\/www.agenas.sk\/reflex-na-inovacie-a-efektivitu-v-osvetleni-mr16\/","headline":"Reflex na inov\u00e1cie a efektivitu v osvetlen\u00ed MR16","url":"https:\/\/www.agenas.sk\/reflex-na-inovacie-a-efektivitu-v-osvetleni-mr16\/","datePublished":"2023-07-07","dateModified":"2023-08-11","mainEntityOfPage":"https:\/\/www.agenas.sk\/reflex-na-inovacie-a-efektivitu-v-osvetleni-mr16\/","author":{"@type":"Person","@id":"https:\/\/www.agenas.sk\/author\/#Person","name":"","url":"https:\/\/www.agenas.sk\/author\/","identifier":1,"image":{"@type":"ImageObject","@id":"https:\/\/secure.gravatar.com\/avatar\/188853cc08cfc4af3f5ef42e51d7aa754653be0300e41daf30a10471d44d4592?s=96&d=mm&r=g","url":"https:\/\/secure.gravatar.com\/avatar\/188853cc08cfc4af3f5ef42e51d7aa754653be0300e41daf30a10471d44d4592?s=96&d=mm&r=g","height":96,"width":96}},"publisher":{"@type":"Organization","name":"agenas.sk","logo":{"@type":"ImageObject","@id":"\/logo.png","url":"\/logo.png","width":600,"height":60}},"image":{"@type":"ImageObject","@id":"https:\/\/www.agenas.sk\/wp-content\/uploads\/606614_2.jpg","url":"https:\/\/www.agenas.sk\/wp-content\/uploads\/606614_2.jpg","height":0,"width":0},"wordCount":641,"keywords":null},{"@type":"Article","@id":"https:\/\/www.agenas.sk\/rozumejuc-zaklady-zrieknutia-sa-zodpovednosti\/","headline":"Rozumej\u00fac Z\u00e1klady Zrieknutia sa Zodpovednosti","url":"https:\/\/www.agenas.sk\/rozumejuc-zaklady-zrieknutia-sa-zodpovednosti\/","datePublished":"2023-07-07","dateModified":"2023-08-11","mainEntityOfPage":"https:\/\/www.agenas.sk\/rozumejuc-zaklady-zrieknutia-sa-zodpovednosti\/","author":{"@type":"Person","@id":"https:\/\/www.agenas.sk\/author\/#Person","name":"","url":"https:\/\/www.agenas.sk\/author\/","identifier":1,"image":{"@type":"ImageObject","@id":"https:\/\/secure.gravatar.com\/avatar\/188853cc08cfc4af3f5ef42e51d7aa754653be0300e41daf30a10471d44d4592?s=96&d=mm&r=g","url":"https:\/\/secure.gravatar.com\/avatar\/188853cc08cfc4af3f5ef42e51d7aa754653be0300e41daf30a10471d44d4592?s=96&d=mm&r=g","height":96,"width":96}},"publisher":{"@type":"Organization","name":"agenas.sk","logo":{"@type":"ImageObject","@id":"\/logo.png","url":"\/logo.png","width":600,"height":60}},"image":{"@type":"ImageObject","@id":"https:\/\/www.agenas.sk\/wp-content\/uploads\/papers_1280p.jpg","url":"https:\/\/www.agenas.sk\/wp-content\/uploads\/papers_1280p.jpg","height":0,"width":0},"wordCount":625,"keywords":null},{"@type":"Article","@id":"https:\/\/www.agenas.sk\/nohavice-usite-priamo-na-telo-miluju-aj-muzi\/","headline":"Nohavice u\u0161it\u00e9 priamo na telo miluj\u00fa aj mu\u017ei","url":"https:\/\/www.agenas.sk\/nohavice-usite-priamo-na-telo-miluju-aj-muzi\/","datePublished":"2023-07-07","dateModified":"2023-08-11","mainEntityOfPage":"https:\/\/www.agenas.sk\/nohavice-usite-priamo-na-telo-miluju-aj-muzi\/","author":{"@type":"Person","@id":"https:\/\/www.agenas.sk\/author\/#Person","name":"","url":"https:\/\/www.agenas.sk\/author\/","identifier":1,"image":{"@type":"ImageObject","@id":"https:\/\/secure.gravatar.com\/avatar\/188853cc08cfc4af3f5ef42e51d7aa754653be0300e41daf30a10471d44d4592?s=96&d=mm&r=g","url":"https:\/\/secure.gravatar.com\/avatar\/188853cc08cfc4af3f5ef42e51d7aa754653be0300e41daf30a10471d44d4592?s=96&d=mm&r=g","height":96,"width":96}},"publisher":{"@type":"Organization","name":"agenas.sk","logo":{"@type":"ImageObject","@id":"\/logo.png","url":"\/logo.png","width":600,"height":60}},"image":{"@type":"ImageObject","@id":"https:\/\/www.agenas.sk\/wp-content\/uploads\/images%20(1)_8.jpg","url":"https:\/\/www.agenas.sk\/wp-content\/uploads\/images%20(1)_8.jpg","height":0,"width":0},"wordCount":590,"keywords":null},{"@type":"Article","@id":"https:\/\/www.agenas.sk\/prakticke-pojazdne-kolieska\/","headline":"Praktick\u00e9 pojazdn\u00e9 kolieska","url":"https:\/\/www.agenas.sk\/prakticke-pojazdne-kolieska\/","datePublished":"2023-06-29","dateModified":"2023-06-30","mainEntityOfPage":"https:\/\/www.agenas.sk\/prakticke-pojazdne-kolieska\/","author":{"@type":"Person","@id":"https:\/\/www.agenas.sk\/author\/#Person","name":"","url":"https:\/\/www.agenas.sk\/author\/","identifier":1,"image":{"@type":"ImageObject","@id":"https:\/\/secure.gravatar.com\/avatar\/188853cc08cfc4af3f5ef42e51d7aa754653be0300e41daf30a10471d44d4592?s=96&d=mm&r=g","url":"https:\/\/secure.gravatar.com\/avatar\/188853cc08cfc4af3f5ef42e51d7aa754653be0300e41daf30a10471d44d4592?s=96&d=mm&r=g","height":96,"width":96}},"publisher":{"@type":"Organization","name":"agenas.sk","logo":{"@type":"ImageObject","@id":"\/logo.png","url":"\/logo.png","width":600,"height":60}},"image":{"@type":"ImageObject","@id":"https:\/\/www.agenas.sk\/wp-content\/uploads\/pexels-anibal-pabon-13834206.jpg","url":"https:\/\/www.agenas.sk\/wp-content\/uploads\/pexels-anibal-pabon-13834206.jpg","height":0,"width":0},"wordCount":487,"keywords":null},{"@type":"Article","@id":"https:\/\/www.agenas.sk\/udrzba-potrubia-v-bratislave\/","headline":"\u00dadr\u017eba potrubia v Bratislave","url":"https:\/\/www.agenas.sk\/udrzba-potrubia-v-bratislave\/","datePublished":"2023-06-25","dateModified":"2023-06-25","mainEntityOfPage":"https:\/\/www.agenas.sk\/udrzba-potrubia-v-bratislave\/","author":{"@type":"Person","@id":"https:\/\/www.agenas.sk\/author\/#Person","name":"","url":"https:\/\/www.agenas.sk\/author\/","identifier":1,"image":{"@type":"ImageObject","@id":"https:\/\/secure.gravatar.com\/avatar\/188853cc08cfc4af3f5ef42e51d7aa754653be0300e41daf30a10471d44d4592?s=96&d=mm&r=g","url":"https:\/\/secure.gravatar.com\/avatar\/188853cc08cfc4af3f5ef42e51d7aa754653be0300e41daf30a10471d44d4592?s=96&d=mm&r=g","height":96,"width":96}},"publisher":{"@type":"Organization","name":"agenas.sk","logo":{"@type":"ImageObject","@id":"\/logo.png","url":"\/logo.png","width":600,"height":60}},"image":{"@type":"ImageObject","@id":"https:\/\/www.agenas.sk\/wp-content\/uploads\/pexels-caroline-cagnin-3410536%20(1).jpg","url":"https:\/\/www.agenas.sk\/wp-content\/uploads\/pexels-caroline-cagnin-3410536%20(1).jpg","height":0,"width":0},"wordCount":464,"keywords":null}]},{"@context":"https:\/\/schema.org","@type":"WebSite","@id":"https:\/\/www.agenas.sk\/#website","name":"Agenas","url":"https:\/\/www.agenas.sk","potentialAction":{"@type":"SearchAction","target":"https:\/\/www.agenas.sk\/?s={search_term_string}","query-input":"required name=search_term_string"}}]