{"@context":"https:\/\/schema.org\/","@type":"CollectionPage","@id":"https:\/\/www.agenas.sk\/online\/#CollectionPage","headline":"Online Category","description":"","url":"https:\/\/www.agenas.sk\/online\/","hasPart":[{"@type":"Article","@id":"https:\/\/www.agenas.sk\/ako-si-pomoct\/","headline":"Ako si pom\u00f4c\u0165","url":"https:\/\/www.agenas.sk\/ako-si-pomoct\/","datePublished":"2023-10-13","dateModified":"2023-10-13","mainEntityOfPage":"https:\/\/www.agenas.sk\/ako-si-pomoct\/","author":{"@type":"Person","@id":"https:\/\/www.agenas.sk\/author\/#Person","name":"","url":"https:\/\/www.agenas.sk\/author\/","identifier":1,"image":{"@type":"ImageObject","@id":"https:\/\/secure.gravatar.com\/avatar\/188853cc08cfc4af3f5ef42e51d7aa754653be0300e41daf30a10471d44d4592?s=96&d=mm&r=g","url":"https:\/\/secure.gravatar.com\/avatar\/188853cc08cfc4af3f5ef42e51d7aa754653be0300e41daf30a10471d44d4592?s=96&d=mm&r=g","height":96,"width":96}},"publisher":{"@type":"Organization","name":"agenas.sk","logo":{"@type":"ImageObject","@id":"\/logo.png","url":"\/logo.png","width":600,"height":60}},"image":{"@type":"ImageObject","@id":"https:\/\/www.agenas.sk\/wp-content\/uploads\/peniaze_male_2.jpg","url":"https:\/\/www.agenas.sk\/wp-content\/uploads\/peniaze_male_2.jpg","height":0,"width":0},"keywords":null},{"@type":"Article","@id":"https:\/\/www.agenas.sk\/kto-dnes-nie-je-online-tak-ako-by-nebol\/","headline":"Kto dnes nie je online, tak ako by nebol","url":"https:\/\/www.agenas.sk\/kto-dnes-nie-je-online-tak-ako-by-nebol\/","datePublished":"2023-06-15","dateModified":"2024-04-15","mainEntityOfPage":"https:\/\/www.agenas.sk\/kto-dnes-nie-je-online-tak-ako-by-nebol\/","author":{"@type":"Person","@id":"https:\/\/www.agenas.sk\/author\/#Person","name":"","url":"https:\/\/www.agenas.sk\/author\/","identifier":1,"image":{"@type":"ImageObject","@id":"https:\/\/secure.gravatar.com\/avatar\/188853cc08cfc4af3f5ef42e51d7aa754653be0300e41daf30a10471d44d4592?s=96&d=mm&r=g","url":"https:\/\/secure.gravatar.com\/avatar\/188853cc08cfc4af3f5ef42e51d7aa754653be0300e41daf30a10471d44d4592?s=96&d=mm&r=g","height":96,"width":96}},"publisher":{"@type":"Organization","name":"agenas.sk","logo":{"@type":"ImageObject","@id":"\/logo.png","url":"\/logo.png","width":600,"height":60}},"image":{"@type":"ImageObject","@id":"https:\/\/www.agenas.sk\/wp-content\/uploads\/pexels-vojtech-okenka-392018_8.jpg","url":"https:\/\/www.agenas.sk\/wp-content\/uploads\/pexels-vojtech-okenka-392018_8.jpg","height":0,"width":0},"keywords":null},{"@type":"Article","@id":"https:\/\/www.agenas.sk\/ake-su-nastrahy-online-sveta\/","headline":"Ak\u00e9 s\u00fa n\u00e1strahy online sveta","url":"https:\/\/www.agenas.sk\/ake-su-nastrahy-online-sveta\/","datePublished":"2019-08-10","dateModified":"2019-08-10","mainEntityOfPage":"https:\/\/www.agenas.sk\/ake-su-nastrahy-online-sveta\/","author":{"@type":"Person","@id":"https:\/\/www.agenas.sk\/author\/#Person","name":"","url":"https:\/\/www.agenas.sk\/author\/","identifier":1,"image":{"@type":"ImageObject","@id":"https:\/\/secure.gravatar.com\/avatar\/188853cc08cfc4af3f5ef42e51d7aa754653be0300e41daf30a10471d44d4592?s=96&d=mm&r=g","url":"https:\/\/secure.gravatar.com\/avatar\/188853cc08cfc4af3f5ef42e51d7aa754653be0300e41daf30a10471d44d4592?s=96&d=mm&r=g","height":96,"width":96}},"publisher":{"@type":"Organization","name":"agenas.sk","logo":{"@type":"ImageObject","@id":"\/logo.png","url":"\/logo.png","width":600,"height":60}},"image":{"@type":"ImageObject","@id":"https:\/\/www.agenas.sk\/wp-content\/uploads\/img_a307032_w16767_t1569591451.jpg","url":"https:\/\/www.agenas.sk\/wp-content\/uploads\/img_a307032_w16767_t1569591451.jpg","height":0,"width":0},"keywords":null},{"@type":"Article","@id":"https:\/\/www.agenas.sk\/mlady-youtuber-sa-snazi-prejst-cez-cely-stat-po-rovnej-ciare\/","headline":"Mlad\u00fd youtuber sa sna\u017e\u00ed prejs\u0165 cez cel\u00fd \u0161t\u00e1t po rovnej \u010diare","url":"https:\/\/www.agenas.sk\/mlady-youtuber-sa-snazi-prejst-cez-cely-stat-po-rovnej-ciare\/","datePublished":"2019-08-06","dateModified":"2019-08-06","mainEntityOfPage":"https:\/\/www.agenas.sk\/mlady-youtuber-sa-snazi-prejst-cez-cely-stat-po-rovnej-ciare\/","author":{"@type":"Person","@id":"https:\/\/www.agenas.sk\/author\/#Person","name":"","url":"https:\/\/www.agenas.sk\/author\/","identifier":1,"image":{"@type":"ImageObject","@id":"https:\/\/secure.gravatar.com\/avatar\/188853cc08cfc4af3f5ef42e51d7aa754653be0300e41daf30a10471d44d4592?s=96&d=mm&r=g","url":"https:\/\/secure.gravatar.com\/avatar\/188853cc08cfc4af3f5ef42e51d7aa754653be0300e41daf30a10471d44d4592?s=96&d=mm&r=g","height":96,"width":96}},"publisher":{"@type":"Organization","name":"agenas.sk","logo":{"@type":"ImageObject","@id":"\/logo.png","url":"\/logo.png","width":600,"height":60}},"image":{"@type":"ImageObject","@id":"https:\/\/www.agenas.sk\/wp-content\/uploads\/img_a306008_w16763_t1568221924.jpg","url":"https:\/\/www.agenas.sk\/wp-content\/uploads\/img_a306008_w16763_t1568221924.jpg","height":0,"width":0},"keywords":null}]}