[{"@context":"https:\/\/schema.org\/","@type":"Article","@id":"https:\/\/www.agenas.sk\/moja-byvala-a-nova-zena\/#Article","mainEntityOfPage":"https:\/\/www.agenas.sk\/moja-byvala-a-nova-zena\/","headline":"Moja b\u00fdval\u00e1 a nov\u00e1 \u017eena","name":"Moja b\u00fdval\u00e1 a nov\u00e1 \u017eena","description":"Som teraz \u010derstvo po rozchode, kde som sa dozvedel, \u017ee \u017eena s ktorou som bol<a href=\"https:\/\/www.agenas.sk\/moja-byvala-a-nova-zena\/\" class=\"bizsmart-read-more\">Continue Reading<i class=\"fa fa-long-arrow-right\" aria-hidden=\"true\"><\/i><\/a>","datePublished":"2023-02-11","dateModified":"2024-01-11","author":{"@type":"Person","@id":"https:\/\/www.agenas.sk\/author\/#Person","name":"","url":"https:\/\/www.agenas.sk\/author\/","identifier":1,"image":{"@type":"ImageObject","@id":"https:\/\/secure.gravatar.com\/avatar\/188853cc08cfc4af3f5ef42e51d7aa754653be0300e41daf30a10471d44d4592?s=96&d=mm&r=g","url":"https:\/\/secure.gravatar.com\/avatar\/188853cc08cfc4af3f5ef42e51d7aa754653be0300e41daf30a10471d44d4592?s=96&d=mm&r=g","height":96,"width":96}},"publisher":{"@type":"Organization","name":"agenas.sk","logo":{"@type":"ImageObject","@id":"\/logo.png","url":"\/logo.png","width":600,"height":60}},"image":{"@type":"ImageObject","@id":"https:\/\/www.agenas.sk\/wp-content\/uploads\/people-7035403_1280_2.jpg","url":"https:\/\/www.agenas.sk\/wp-content\/uploads\/people-7035403_1280_2.jpg","height":0,"width":0},"url":"https:\/\/www.agenas.sk\/moja-byvala-a-nova-zena\/","about":["\u017deny"],"wordCount":428,"articleBody":"Som teraz \u010derstvo po rozchode, kde som sa dozvedel, \u017ee \u017eena s ktorou som bol a \u017eil, tak mi klamala a hovorila, \u017ee chce by\u0165 sama a ide do soci\u00e1lneho bytu. Na koniec sa zistilo, \u017ee ne\u0161la do \u017eiadneho soci\u00e1lneho bytu, ale vr\u00e1tila sa k n\u00e1siln\u00edkovi, od ktor\u00e9ho odi\u0161la ku mne&#8230;. Toto u\u017e pomali\u010dky za\u010d\u00ednam ma\u0165 v sebe uzavret\u00e9, ale sk\u00f4r sa mi jedn\u00e1 o to, \u017ee som bol na silvestra s kolegom na fajn akcii, kde sa mi zap\u00e1\u010dila \u017eena, ktor\u00e1 m\u00e1 so mnou dos\u0165 spolo\u010dn\u00e9ho, \u200b\u200bnorm\u00e1lne by sme o seba ur\u010dite nezavadili. Jej kamar\u00e1tka m\u00e1 z toho rados\u0165, ale hovor\u00ed mi, aby som bol opatrn\u00fd a nebol na nej hrrr, \u010do ako v\u00f4bec nie som ani nechcem by\u0165&#8230;. U\u017e sme spolu nie\u010do aj podnikli a sch\u00e1dzame sa aj na\u010falej.M\u00e1me vymyslen\u00e9 \u010fal\u0161ie spolo\u010dn\u00e9 aktivity. Ja by som napr\u00edklad bol aj pre nie\u010do viac, ale nechcem u nej tla\u010di\u0165 na p\u00edlu&#8230;. V\u010dera sme boli na spolo\u010dnom v\u00fdlete, kde t\u00e1 jej kamar\u00e1tka s jej priate\u013eom st\u00e1le chcela, aby sme sa chytili za ruky a pr\u00edpadne aj nie\u010do viac, ale jednoducho mi pr\u00edde, \u017ee ve\u013emi ako nechce. Ke\u010f sa stretneme, tak sa objemom a v\u0161etko okolo toho, ale ke\u010f ju chcem da\u0165 pusu, tak sa oto\u010d\u00ed a chce maxim\u00e1lne na l\u00ed\u010dko. Dnes mi p\u00edsal ten zn\u00e1my, \u017ee po v\u010deraj\u0161om v\u00fdlete hovorila s jeho priate\u013ekou a \u017ee vraj by si ma norm\u00e1lne ani nev\u0161imla (nie som jej typ), ale \u017ee ju je v\u0161etko ve\u013emi pr\u00edjemn\u00e9, \u017ee som dobr\u00fd a pozorn\u00fd. Neviem, \u010di to m\u00e1 bud\u00facnos\u0165 alebo nem\u00e1.Nechcem robi\u0165 nejak\u00fa do\u010dasn\u00fa rezervu, kde ke\u010f sa niekto naskytne, tak u\u017e nebudem potrebn\u00fd. Ka\u017edop\u00e1dne z mojej strany som za, ale v\u017edy ku v\u0161etk\u00e9mu musia by\u0165 dve du\u0161e, nie jedna&#8230;. S\u00e1m ni\u010d nezm\u00f4\u017eem a tak som trochu v pasci. Ke\u010f\u017ee pri ka\u017edom spolo\u010dnom stretnut\u00ed je mi v jej pr\u00edtomnosti super! Hlavne sa m\u00e1me spolu o \u010dom st\u00e1le rozpr\u00e1va\u0165&#8230;. Najednu stranu som zhrzen\u00fd z predch\u00e1dzaj\u00faceho vz\u0165ahu a na druh\u00fa stranu, som r\u00e1d za to \u010do pri\u0161lo, len m\u00e1m ve\u013ea ot\u00e1zok, ale odpovede na ne nie s\u00fa&#8230;. Tak vlastne ani neviem, ako sa m\u00e1m zachova\u0165.                                                                                                                                                                                                                                                                                                                                                                                        3.8\/5 - (13 votes)        "},{"@context":"https:\/\/schema.org\/","@type":"BreadcrumbList","itemListElement":[{"@type":"ListItem","position":1,"name":"Moja b\u00fdval\u00e1 a nov\u00e1 \u017eena","item":"https:\/\/www.agenas.sk\/moja-byvala-a-nova-zena\/#breadcrumbitem"}]}]