{"@context":"https:\/\/schema.org\/","@type":"CollectionPage","@id":"https:\/\/www.agenas.sk\/mobil\/#CollectionPage","headline":"Mobil Category","description":"","url":"https:\/\/www.agenas.sk\/mobil\/","hasPart":[{"@type":"Article","@id":"https:\/\/www.agenas.sk\/led-reflektor-odhali-aj-to-co-nevidiet\/","headline":"LED reflektor odhal\u00ed aj to, \u010do nevidie\u0165","url":"https:\/\/www.agenas.sk\/led-reflektor-odhali-aj-to-co-nevidiet\/","datePublished":"2020-09-04","dateModified":"2023-10-18","mainEntityOfPage":"https:\/\/www.agenas.sk\/led-reflektor-odhali-aj-to-co-nevidiet\/","author":{"@type":"Person","@id":"https:\/\/www.agenas.sk\/author\/#Person","name":"","url":"https:\/\/www.agenas.sk\/author\/","identifier":1,"image":{"@type":"ImageObject","@id":"https:\/\/secure.gravatar.com\/avatar\/188853cc08cfc4af3f5ef42e51d7aa754653be0300e41daf30a10471d44d4592?s=96&d=mm&r=g","url":"https:\/\/secure.gravatar.com\/avatar\/188853cc08cfc4af3f5ef42e51d7aa754653be0300e41daf30a10471d44d4592?s=96&d=mm&r=g","height":96,"width":96}},"publisher":{"@type":"Organization","name":"agenas.sk","logo":{"@type":"ImageObject","@id":"\/logo.png","url":"\/logo.png","width":600,"height":60}},"image":{"@type":"ImageObject","@id":"https:\/\/www.agenas.sk\/wp-content\/uploads\/lampi%C4%8Dka,%20svetlo_1.jpg","url":"https:\/\/www.agenas.sk\/wp-content\/uploads\/lampi%C4%8Dka,%20svetlo_1.jpg","height":0,"width":0},"keywords":null},{"@type":"Article","@id":"https:\/\/www.agenas.sk\/zdravo-a-chutne-s-nami\/","headline":"Zdravo a chutne s nami!","url":"https:\/\/www.agenas.sk\/zdravo-a-chutne-s-nami\/","datePublished":"2020-08-25","dateModified":"2023-08-29","mainEntityOfPage":"https:\/\/www.agenas.sk\/zdravo-a-chutne-s-nami\/","author":{"@type":"Person","@id":"https:\/\/www.agenas.sk\/author\/#Person","name":"","url":"https:\/\/www.agenas.sk\/author\/","identifier":1,"image":{"@type":"ImageObject","@id":"https:\/\/secure.gravatar.com\/avatar\/188853cc08cfc4af3f5ef42e51d7aa754653be0300e41daf30a10471d44d4592?s=96&d=mm&r=g","url":"https:\/\/secure.gravatar.com\/avatar\/188853cc08cfc4af3f5ef42e51d7aa754653be0300e41daf30a10471d44d4592?s=96&d=mm&r=g","height":96,"width":96}},"publisher":{"@type":"Organization","name":"agenas.sk","logo":{"@type":"ImageObject","@id":"\/logo.png","url":"\/logo.png","width":600,"height":60}},"image":{"@type":"ImageObject","@id":"https:\/\/www.agenas.sk\/wp-content\/uploads\/e5d55f61078441.5a6259acdc495-900x600_1.jpg","url":"https:\/\/www.agenas.sk\/wp-content\/uploads\/e5d55f61078441.5a6259acdc495-900x600_1.jpg","height":0,"width":0},"keywords":null},{"@type":"Article","@id":"https:\/\/www.agenas.sk\/vianocne-obzerstvo-treba-vyvazit-co-tak-bielkovinovou-dietou\/","headline":"Viano\u010dn\u00e9 ob\u017eerstvo treba vyv\u00e1\u017ei\u0165. \u010co tak bielkovinovou di\u00e9tou?","url":"https:\/\/www.agenas.sk\/vianocne-obzerstvo-treba-vyvazit-co-tak-bielkovinovou-dietou\/","datePublished":"2019-11-21","dateModified":"2023-09-28","mainEntityOfPage":"https:\/\/www.agenas.sk\/vianocne-obzerstvo-treba-vyvazit-co-tak-bielkovinovou-dietou\/","author":{"@type":"Person","@id":"https:\/\/www.agenas.sk\/author\/#Person","name":"","url":"https:\/\/www.agenas.sk\/author\/","identifier":1,"image":{"@type":"ImageObject","@id":"https:\/\/secure.gravatar.com\/avatar\/188853cc08cfc4af3f5ef42e51d7aa754653be0300e41daf30a10471d44d4592?s=96&d=mm&r=g","url":"https:\/\/secure.gravatar.com\/avatar\/188853cc08cfc4af3f5ef42e51d7aa754653be0300e41daf30a10471d44d4592?s=96&d=mm&r=g","height":96,"width":96}},"publisher":{"@type":"Organization","name":"agenas.sk","logo":{"@type":"ImageObject","@id":"\/logo.png","url":"\/logo.png","width":600,"height":60}},"image":{"@type":"ImageObject","@id":"https:\/\/www.agenas.sk\/wp-content\/uploads\/img_a309366_w16659_t1579025838.jpg","url":"https:\/\/www.agenas.sk\/wp-content\/uploads\/img_a309366_w16659_t1579025838.jpg","height":0,"width":0},"keywords":null},{"@type":"Article","@id":"https:\/\/www.agenas.sk\/protipoziarne-dvere-zvysuju-hodnotu-vasho-domu\/","headline":"Protipo\u017eiarne dvere zvy\u0161uj\u00fa hodnotu v\u00e1\u0161ho domu","url":"https:\/\/www.agenas.sk\/protipoziarne-dvere-zvysuju-hodnotu-vasho-domu\/","datePublished":"2019-11-02","dateModified":"2019-11-02","mainEntityOfPage":"https:\/\/www.agenas.sk\/protipoziarne-dvere-zvysuju-hodnotu-vasho-domu\/","author":{"@type":"Person","@id":"https:\/\/www.agenas.sk\/author\/#Person","name":"","url":"https:\/\/www.agenas.sk\/author\/","identifier":1,"image":{"@type":"ImageObject","@id":"https:\/\/secure.gravatar.com\/avatar\/188853cc08cfc4af3f5ef42e51d7aa754653be0300e41daf30a10471d44d4592?s=96&d=mm&r=g","url":"https:\/\/secure.gravatar.com\/avatar\/188853cc08cfc4af3f5ef42e51d7aa754653be0300e41daf30a10471d44d4592?s=96&d=mm&r=g","height":96,"width":96}},"publisher":{"@type":"Organization","name":"agenas.sk","logo":{"@type":"ImageObject","@id":"\/logo.png","url":"\/logo.png","width":600,"height":60}},"image":{"@type":"ImageObject","@id":"https:\/\/www.agenas.sk\/wp-content\/uploads\/img_a309462_w16826_t1579598205.jpg","url":"https:\/\/www.agenas.sk\/wp-content\/uploads\/img_a309462_w16826_t1579598205.jpg","height":0,"width":0},"keywords":null},{"@type":"Article","@id":"https:\/\/www.agenas.sk\/ako-vybrat-idealny-prsten\/","headline":"Ako vybra\u0165 ide\u00e1lny prste\u0148","url":"https:\/\/www.agenas.sk\/ako-vybrat-idealny-prsten\/","datePublished":"2019-10-19","dateModified":"2019-10-19","mainEntityOfPage":"https:\/\/www.agenas.sk\/ako-vybrat-idealny-prsten\/","author":{"@type":"Person","@id":"https:\/\/www.agenas.sk\/author\/#Person","name":"","url":"https:\/\/www.agenas.sk\/author\/","identifier":1,"image":{"@type":"ImageObject","@id":"https:\/\/secure.gravatar.com\/avatar\/188853cc08cfc4af3f5ef42e51d7aa754653be0300e41daf30a10471d44d4592?s=96&d=mm&r=g","url":"https:\/\/secure.gravatar.com\/avatar\/188853cc08cfc4af3f5ef42e51d7aa754653be0300e41daf30a10471d44d4592?s=96&d=mm&r=g","height":96,"width":96}},"publisher":{"@type":"Organization","name":"agenas.sk","logo":{"@type":"ImageObject","@id":"\/logo.png","url":"\/logo.png","width":600,"height":60}},"image":{"@type":"ImageObject","@id":"https:\/\/www.agenas.sk\/wp-content\/uploads\/img_a308569_w16714_t1575648208.jpg","url":"https:\/\/www.agenas.sk\/wp-content\/uploads\/img_a308569_w16714_t1575648208.jpg","height":0,"width":0},"keywords":null},{"@type":"Article","@id":"https:\/\/www.agenas.sk\/ketodieta-kedy-premyslat-nad-inym-sposobom-chudnutia\/","headline":"Ketodi\u00e9ta: kedy prem\u00fd\u0161\u013ea\u0165 nad in\u00fdm sp\u00f4sobom chudnutia","url":"https:\/\/www.agenas.sk\/ketodieta-kedy-premyslat-nad-inym-sposobom-chudnutia\/","datePublished":"2019-10-17","dateModified":"2023-08-28","mainEntityOfPage":"https:\/\/www.agenas.sk\/ketodieta-kedy-premyslat-nad-inym-sposobom-chudnutia\/","author":{"@type":"Person","@id":"https:\/\/www.agenas.sk\/author\/#Person","name":"","url":"https:\/\/www.agenas.sk\/author\/","identifier":1,"image":{"@type":"ImageObject","@id":"https:\/\/secure.gravatar.com\/avatar\/188853cc08cfc4af3f5ef42e51d7aa754653be0300e41daf30a10471d44d4592?s=96&d=mm&r=g","url":"https:\/\/secure.gravatar.com\/avatar\/188853cc08cfc4af3f5ef42e51d7aa754653be0300e41daf30a10471d44d4592?s=96&d=mm&r=g","height":96,"width":96}},"publisher":{"@type":"Organization","name":"agenas.sk","logo":{"@type":"ImageObject","@id":"\/logo.png","url":"\/logo.png","width":600,"height":60}},"image":{"@type":"ImageObject","@id":"https:\/\/www.agenas.sk\/wp-content\/uploads\/img_a308612_w16764_t1575653319.jpg","url":"https:\/\/www.agenas.sk\/wp-content\/uploads\/img_a308612_w16764_t1575653319.jpg","height":0,"width":0},"keywords":null},{"@type":"Article","@id":"https:\/\/www.agenas.sk\/diabetes-a-bielkovinova-dieta\/","headline":"Diabetes a bielkovinov\u00e1 di\u00e9ta","url":"https:\/\/www.agenas.sk\/diabetes-a-bielkovinova-dieta\/","datePublished":"2019-09-14","dateModified":"2023-09-12","mainEntityOfPage":"https:\/\/www.agenas.sk\/diabetes-a-bielkovinova-dieta\/","author":{"@type":"Person","@id":"https:\/\/www.agenas.sk\/author\/#Person","name":"","url":"https:\/\/www.agenas.sk\/author\/","identifier":1,"image":{"@type":"ImageObject","@id":"https:\/\/secure.gravatar.com\/avatar\/188853cc08cfc4af3f5ef42e51d7aa754653be0300e41daf30a10471d44d4592?s=96&d=mm&r=g","url":"https:\/\/secure.gravatar.com\/avatar\/188853cc08cfc4af3f5ef42e51d7aa754653be0300e41daf30a10471d44d4592?s=96&d=mm&r=g","height":96,"width":96}},"publisher":{"@type":"Organization","name":"agenas.sk","logo":{"@type":"ImageObject","@id":"\/logo.png","url":"\/logo.png","width":600,"height":60}},"image":{"@type":"ImageObject","@id":"https:\/\/www.agenas.sk\/wp-content\/uploads\/img_a305715_w16779_t1567166447.jpg","url":"https:\/\/www.agenas.sk\/wp-content\/uploads\/img_a305715_w16779_t1567166447.jpg","height":0,"width":0},"keywords":null},{"@type":"Article","@id":"https:\/\/www.agenas.sk\/chlieb-nechlieb-vhodny-pri-ketodiet\/","headline":"Chlieb \u2013 \u201enechlieb\u201c vhodn\u00fd pri ketodiet","url":"https:\/\/www.agenas.sk\/chlieb-nechlieb-vhodny-pri-ketodiet\/","datePublished":"2019-09-14","dateModified":"2023-09-24","mainEntityOfPage":"https:\/\/www.agenas.sk\/chlieb-nechlieb-vhodny-pri-ketodiet\/","author":{"@type":"Person","@id":"https:\/\/www.agenas.sk\/author\/#Person","name":"","url":"https:\/\/www.agenas.sk\/author\/","identifier":1,"image":{"@type":"ImageObject","@id":"https:\/\/secure.gravatar.com\/avatar\/188853cc08cfc4af3f5ef42e51d7aa754653be0300e41daf30a10471d44d4592?s=96&d=mm&r=g","url":"https:\/\/secure.gravatar.com\/avatar\/188853cc08cfc4af3f5ef42e51d7aa754653be0300e41daf30a10471d44d4592?s=96&d=mm&r=g","height":96,"width":96}},"publisher":{"@type":"Organization","name":"agenas.sk","logo":{"@type":"ImageObject","@id":"\/logo.png","url":"\/logo.png","width":600,"height":60}},"image":{"@type":"ImageObject","@id":"https:\/\/www.agenas.sk\/wp-content\/uploads\/img_a308086_w16789_t1573561159.jpg","url":"https:\/\/www.agenas.sk\/wp-content\/uploads\/img_a308086_w16789_t1573561159.jpg","height":0,"width":0},"keywords":null},{"@type":"Article","@id":"https:\/\/www.agenas.sk\/ked-vas-vas\/","headline":"Ke\u010f v\u00e1s v\u00e1\u0161","url":"https:\/\/www.agenas.sk\/ked-vas-vas\/","datePublished":"2019-08-13","dateModified":"2023-09-23","mainEntityOfPage":"https:\/\/www.agenas.sk\/ked-vas-vas\/","author":{"@type":"Person","@id":"https:\/\/www.agenas.sk\/author\/#Person","name":"","url":"https:\/\/www.agenas.sk\/author\/","identifier":1,"image":{"@type":"ImageObject","@id":"https:\/\/secure.gravatar.com\/avatar\/188853cc08cfc4af3f5ef42e51d7aa754653be0300e41daf30a10471d44d4592?s=96&d=mm&r=g","url":"https:\/\/secure.gravatar.com\/avatar\/188853cc08cfc4af3f5ef42e51d7aa754653be0300e41daf30a10471d44d4592?s=96&d=mm&r=g","height":96,"width":96}},"publisher":{"@type":"Organization","name":"agenas.sk","logo":{"@type":"ImageObject","@id":"\/logo.png","url":"\/logo.png","width":600,"height":60}},"image":{"@type":"ImageObject","@id":"https:\/\/www.agenas.sk\/wp-content\/uploads\/img_a307085_w16678_t1569840803.jpg","url":"https:\/\/www.agenas.sk\/wp-content\/uploads\/img_a307085_w16678_t1569840803.jpg","height":0,"width":0},"keywords":null},{"@type":"Article","@id":"https:\/\/www.agenas.sk\/muzi-zavidia-zenam-kabelky-alebo-dostupne-su-kozene-panske-tasky\/","headline":"Mu\u017ei z\u00e1vidia \u017een\u00e1m kabelky alebo dostupn\u00e9 s\u00fa ko\u017een\u00e9 p\u00e1nske ta\u0161ky","url":"https:\/\/www.agenas.sk\/muzi-zavidia-zenam-kabelky-alebo-dostupne-su-kozene-panske-tasky\/","datePublished":"2019-08-13","dateModified":"2023-09-21","mainEntityOfPage":"https:\/\/www.agenas.sk\/muzi-zavidia-zenam-kabelky-alebo-dostupne-su-kozene-panske-tasky\/","author":{"@type":"Person","@id":"https:\/\/www.agenas.sk\/author\/#Person","name":"","url":"https:\/\/www.agenas.sk\/author\/","identifier":1,"image":{"@type":"ImageObject","@id":"https:\/\/secure.gravatar.com\/avatar\/188853cc08cfc4af3f5ef42e51d7aa754653be0300e41daf30a10471d44d4592?s=96&d=mm&r=g","url":"https:\/\/secure.gravatar.com\/avatar\/188853cc08cfc4af3f5ef42e51d7aa754653be0300e41daf30a10471d44d4592?s=96&d=mm&r=g","height":96,"width":96}},"publisher":{"@type":"Organization","name":"agenas.sk","logo":{"@type":"ImageObject","@id":"\/logo.png","url":"\/logo.png","width":600,"height":60}},"image":{"@type":"ImageObject","@id":"https:\/\/www.agenas.sk\/wp-content\/uploads\/img_a306756_w16859_t1569236245.jpg","url":"https:\/\/www.agenas.sk\/wp-content\/uploads\/img_a306756_w16859_t1569236245.jpg","height":0,"width":0},"keywords":null}]}