{"@context":"https:\/\/schema.org\/","@type":"CollectionPage","@id":"https:\/\/www.agenas.sk\/mobil\/#CollectionPage","headline":"Mobil Category","description":"","url":"https:\/\/www.agenas.sk\/mobil\/","hasPart":[{"@type":"Article","@id":"https:\/\/www.agenas.sk\/zasah-do-cierneho\/","headline":"Z\u00e1sah do \u010dierneho","url":"https:\/\/www.agenas.sk\/zasah-do-cierneho\/","datePublished":"2023-11-17","dateModified":"2024-01-18","mainEntityOfPage":"https:\/\/www.agenas.sk\/zasah-do-cierneho\/","author":{"@type":"Person","@id":"https:\/\/www.agenas.sk\/author\/#Person","name":"","url":"https:\/\/www.agenas.sk\/author\/","identifier":1,"image":{"@type":"ImageObject","@id":"https:\/\/secure.gravatar.com\/avatar\/188853cc08cfc4af3f5ef42e51d7aa754653be0300e41daf30a10471d44d4592?s=96&d=mm&r=g","url":"https:\/\/secure.gravatar.com\/avatar\/188853cc08cfc4af3f5ef42e51d7aa754653be0300e41daf30a10471d44d4592?s=96&d=mm&r=g","height":96,"width":96}},"publisher":{"@type":"Organization","name":"agenas.sk","logo":{"@type":"ImageObject","@id":"\/logo.png","url":"\/logo.png","width":600,"height":60}},"image":{"@type":"ImageObject","@id":"https:\/\/www.agenas.sk\/wp-content\/uploads\/expocosmetica-1312211_1280_3.jpg","url":"https:\/\/www.agenas.sk\/wp-content\/uploads\/expocosmetica-1312211_1280_3.jpg","height":0,"width":0},"keywords":null},{"@type":"Article","@id":"https:\/\/www.agenas.sk\/zip-sacky-varianty-a-ich-vyuzitie\/","headline":"ZIP s\u00e1\u010dky &#8211; varianty a ich vyu\u017eitie","url":"https:\/\/www.agenas.sk\/zip-sacky-varianty-a-ich-vyuzitie\/","datePublished":"2023-02-13","dateModified":"2023-04-29","mainEntityOfPage":"https:\/\/www.agenas.sk\/zip-sacky-varianty-a-ich-vyuzitie\/","author":{"@type":"Person","@id":"https:\/\/www.agenas.sk\/author\/#Person","name":"","url":"https:\/\/www.agenas.sk\/author\/","identifier":1,"image":{"@type":"ImageObject","@id":"https:\/\/secure.gravatar.com\/avatar\/188853cc08cfc4af3f5ef42e51d7aa754653be0300e41daf30a10471d44d4592?s=96&d=mm&r=g","url":"https:\/\/secure.gravatar.com\/avatar\/188853cc08cfc4af3f5ef42e51d7aa754653be0300e41daf30a10471d44d4592?s=96&d=mm&r=g","height":96,"width":96}},"publisher":{"@type":"Organization","name":"agenas.sk","logo":{"@type":"ImageObject","@id":"\/logo.png","url":"\/logo.png","width":600,"height":60}},"image":{"@type":"ImageObject","@id":"https:\/\/www.agenas.sk\/wp-content\/uploads\/cookies-6380436_1920.jpg","url":"https:\/\/www.agenas.sk\/wp-content\/uploads\/cookies-6380436_1920.jpg","height":0,"width":0},"keywords":null},{"@type":"Article","@id":"https:\/\/www.agenas.sk\/o-matracoch\/","headline":"O matracoch","url":"https:\/\/www.agenas.sk\/o-matracoch\/","datePublished":"2022-12-08","dateModified":"2023-05-26","mainEntityOfPage":"https:\/\/www.agenas.sk\/o-matracoch\/","author":{"@type":"Person","@id":"https:\/\/www.agenas.sk\/author\/#Person","name":"","url":"https:\/\/www.agenas.sk\/author\/","identifier":1,"image":{"@type":"ImageObject","@id":"https:\/\/secure.gravatar.com\/avatar\/188853cc08cfc4af3f5ef42e51d7aa754653be0300e41daf30a10471d44d4592?s=96&d=mm&r=g","url":"https:\/\/secure.gravatar.com\/avatar\/188853cc08cfc4af3f5ef42e51d7aa754653be0300e41daf30a10471d44d4592?s=96&d=mm&r=g","height":96,"width":96}},"publisher":{"@type":"Organization","name":"agenas.sk","logo":{"@type":"ImageObject","@id":"\/logo.png","url":"\/logo.png","width":600,"height":60}},"image":{"@type":"ImageObject","@id":"https:\/\/www.agenas.sk\/wp-content\/uploads\/continental_1.jpeg","url":"https:\/\/www.agenas.sk\/wp-content\/uploads\/continental_1.jpeg","height":0,"width":0},"keywords":null},{"@type":"Article","@id":"https:\/\/www.agenas.sk\/ktore-prepravne-ci-skladovacie-obaly-su-vhodne-pre-chemicky-priemysel\/","headline":"Ktor\u00e9 prepravn\u00e9, \u010di skladovacie obaly s\u00fa vhodn\u00e9 pre chemick\u00fd priemysel?","url":"https:\/\/www.agenas.sk\/ktore-prepravne-ci-skladovacie-obaly-su-vhodne-pre-chemicky-priemysel\/","datePublished":"2022-08-26","dateModified":"2022-08-26","mainEntityOfPage":"https:\/\/www.agenas.sk\/ktore-prepravne-ci-skladovacie-obaly-su-vhodne-pre-chemicky-priemysel\/","author":{"@type":"Person","@id":"https:\/\/www.agenas.sk\/author\/#Person","name":"","url":"https:\/\/www.agenas.sk\/author\/","identifier":1,"image":{"@type":"ImageObject","@id":"https:\/\/secure.gravatar.com\/avatar\/188853cc08cfc4af3f5ef42e51d7aa754653be0300e41daf30a10471d44d4592?s=96&d=mm&r=g","url":"https:\/\/secure.gravatar.com\/avatar\/188853cc08cfc4af3f5ef42e51d7aa754653be0300e41daf30a10471d44d4592?s=96&d=mm&r=g","height":96,"width":96}},"publisher":{"@type":"Organization","name":"agenas.sk","logo":{"@type":"ImageObject","@id":"\/logo.png","url":"\/logo.png","width":600,"height":60}},"image":{"@type":"ImageObject","@id":"https:\/\/www.agenas.sk\/wp-content\/uploads\/pexels-kateryna-babaieva-2760241.jpg","url":"https:\/\/www.agenas.sk\/wp-content\/uploads\/pexels-kateryna-babaieva-2760241.jpg","height":0,"width":0},"keywords":null},{"@type":"Article","@id":"https:\/\/www.agenas.sk\/kvalitne-sklenene-dvere-si-vyzaduju-aj-co-najkvalitnejsie-kovanie\/","headline":"Kvalitn\u00e9 sklenen\u00e9 dvere si vy\u017eaduj\u00fa aj \u010do najkvalitnej\u0161ie kovanie.","url":"https:\/\/www.agenas.sk\/kvalitne-sklenene-dvere-si-vyzaduju-aj-co-najkvalitnejsie-kovanie\/","datePublished":"2022-07-07","dateModified":"2024-02-29","mainEntityOfPage":"https:\/\/www.agenas.sk\/kvalitne-sklenene-dvere-si-vyzaduju-aj-co-najkvalitnejsie-kovanie\/","author":{"@type":"Person","@id":"https:\/\/www.agenas.sk\/author\/#Person","name":"","url":"https:\/\/www.agenas.sk\/author\/","identifier":1,"image":{"@type":"ImageObject","@id":"https:\/\/secure.gravatar.com\/avatar\/188853cc08cfc4af3f5ef42e51d7aa754653be0300e41daf30a10471d44d4592?s=96&d=mm&r=g","url":"https:\/\/secure.gravatar.com\/avatar\/188853cc08cfc4af3f5ef42e51d7aa754653be0300e41daf30a10471d44d4592?s=96&d=mm&r=g","height":96,"width":96}},"publisher":{"@type":"Organization","name":"agenas.sk","logo":{"@type":"ImageObject","@id":"\/logo.png","url":"\/logo.png","width":600,"height":60}},"image":{"@type":"ImageObject","@id":"https:\/\/www.agenas.sk\/wp-content\/uploads\/sklenen%C3%A9%20dvere%20(14).jpg","url":"https:\/\/www.agenas.sk\/wp-content\/uploads\/sklenen%C3%A9%20dvere%20(14).jpg","height":0,"width":0},"keywords":null},{"@type":"Article","@id":"https:\/\/www.agenas.sk\/dizajnove-hlinikove-okna\/","headline":"Dizajnov\u00e9 hlin\u00edkov\u00e9 okn\u00e1","url":"https:\/\/www.agenas.sk\/dizajnove-hlinikove-okna\/","datePublished":"2022-02-07","dateModified":"2022-02-07","mainEntityOfPage":"https:\/\/www.agenas.sk\/dizajnove-hlinikove-okna\/","author":{"@type":"Person","@id":"https:\/\/www.agenas.sk\/author\/#Person","name":"","url":"https:\/\/www.agenas.sk\/author\/","identifier":1,"image":{"@type":"ImageObject","@id":"https:\/\/secure.gravatar.com\/avatar\/188853cc08cfc4af3f5ef42e51d7aa754653be0300e41daf30a10471d44d4592?s=96&d=mm&r=g","url":"https:\/\/secure.gravatar.com\/avatar\/188853cc08cfc4af3f5ef42e51d7aa754653be0300e41daf30a10471d44d4592?s=96&d=mm&r=g","height":96,"width":96}},"publisher":{"@type":"Organization","name":"agenas.sk","logo":{"@type":"ImageObject","@id":"\/logo.png","url":"\/logo.png","width":600,"height":60}},"image":{"@type":"ImageObject","@id":"https:\/\/www.agenas.sk\/wp-content\/uploads\/garden-windows-3906221__480.jpg","url":"https:\/\/www.agenas.sk\/wp-content\/uploads\/garden-windows-3906221__480.jpg","height":0,"width":0},"keywords":null},{"@type":"Article","@id":"https:\/\/www.agenas.sk\/dvere-v-protipoziarnej-uprave-zabrania-ohnu-v-jeho-rozsireni\/","headline":"Dvere v protipo\u017eiarnej \u00faprave zabr\u00e1nia oh\u0148u v jeho roz\u0161\u00edren\u00ed","url":"https:\/\/www.agenas.sk\/dvere-v-protipoziarnej-uprave-zabrania-ohnu-v-jeho-rozsireni\/","datePublished":"2021-09-25","dateModified":"2021-09-25","mainEntityOfPage":"https:\/\/www.agenas.sk\/dvere-v-protipoziarnej-uprave-zabrania-ohnu-v-jeho-rozsireni\/","author":{"@type":"Person","@id":"https:\/\/www.agenas.sk\/author\/#Person","name":"","url":"https:\/\/www.agenas.sk\/author\/","identifier":1,"image":{"@type":"ImageObject","@id":"https:\/\/secure.gravatar.com\/avatar\/188853cc08cfc4af3f5ef42e51d7aa754653be0300e41daf30a10471d44d4592?s=96&d=mm&r=g","url":"https:\/\/secure.gravatar.com\/avatar\/188853cc08cfc4af3f5ef42e51d7aa754653be0300e41daf30a10471d44d4592?s=96&d=mm&r=g","height":96,"width":96}},"publisher":{"@type":"Organization","name":"agenas.sk","logo":{"@type":"ImageObject","@id":"\/logo.png","url":"\/logo.png","width":600,"height":60}},"image":{"@type":"ImageObject","@id":"https:\/\/www.agenas.sk\/wp-content\/uploads\/ohen%20poziar_1.jpg","url":"https:\/\/www.agenas.sk\/wp-content\/uploads\/ohen%20poziar_1.jpg","height":0,"width":0},"keywords":null},{"@type":"Article","@id":"https:\/\/www.agenas.sk\/z-drobnych-sucasti-sa-skladaju-velke-celky\/","headline":"Z drobn\u00fdch s\u00fa\u010dast\u00ed sa skladaj\u00fa ve\u013ek\u00e9 celky","url":"https:\/\/www.agenas.sk\/z-drobnych-sucasti-sa-skladaju-velke-celky\/","datePublished":"2021-09-16","dateModified":"2021-09-16","mainEntityOfPage":"https:\/\/www.agenas.sk\/z-drobnych-sucasti-sa-skladaju-velke-celky\/","author":{"@type":"Person","@id":"https:\/\/www.agenas.sk\/author\/#Person","name":"","url":"https:\/\/www.agenas.sk\/author\/","identifier":1,"image":{"@type":"ImageObject","@id":"https:\/\/secure.gravatar.com\/avatar\/188853cc08cfc4af3f5ef42e51d7aa754653be0300e41daf30a10471d44d4592?s=96&d=mm&r=g","url":"https:\/\/secure.gravatar.com\/avatar\/188853cc08cfc4af3f5ef42e51d7aa754653be0300e41daf30a10471d44d4592?s=96&d=mm&r=g","height":96,"width":96}},"publisher":{"@type":"Organization","name":"agenas.sk","logo":{"@type":"ImageObject","@id":"\/logo.png","url":"\/logo.png","width":600,"height":60}},"image":{"@type":"ImageObject","@id":"https:\/\/www.agenas.sk\/wp-content\/uploads\/sklenen%C3%A9%20dvre%202_1.jpg","url":"https:\/\/www.agenas.sk\/wp-content\/uploads\/sklenen%C3%A9%20dvre%202_1.jpg","height":0,"width":0},"keywords":null},{"@type":"Article","@id":"https:\/\/www.agenas.sk\/preco-si-vyberat-kvalitnu-kozenu-penazenku\/","headline":"Pre\u010do si vybera\u0165 kvalitn\u00fa ko\u017een\u00fa pe\u0148a\u017eenku","url":"https:\/\/www.agenas.sk\/preco-si-vyberat-kvalitnu-kozenu-penazenku\/","datePublished":"2020-12-15","dateModified":"2023-09-09","mainEntityOfPage":"https:\/\/www.agenas.sk\/preco-si-vyberat-kvalitnu-kozenu-penazenku\/","author":{"@type":"Person","@id":"https:\/\/www.agenas.sk\/author\/#Person","name":"","url":"https:\/\/www.agenas.sk\/author\/","identifier":1,"image":{"@type":"ImageObject","@id":"https:\/\/secure.gravatar.com\/avatar\/188853cc08cfc4af3f5ef42e51d7aa754653be0300e41daf30a10471d44d4592?s=96&d=mm&r=g","url":"https:\/\/secure.gravatar.com\/avatar\/188853cc08cfc4af3f5ef42e51d7aa754653be0300e41daf30a10471d44d4592?s=96&d=mm&r=g","height":96,"width":96}},"publisher":{"@type":"Organization","name":"agenas.sk","logo":{"@type":"ImageObject","@id":"\/logo.png","url":"\/logo.png","width":600,"height":60}},"image":{"@type":"ImageObject","@id":"https:\/\/www.agenas.sk\/wp-content\/uploads\/handbag-3635212_640.jpg","url":"https:\/\/www.agenas.sk\/wp-content\/uploads\/handbag-3635212_640.jpg","height":0,"width":0},"keywords":null},{"@type":"Article","@id":"https:\/\/www.agenas.sk\/viacere-diety-zabudaju-na-prijem-bielkovin-a-to-je-chyba\/","headline":"Viacer\u00e9 di\u00e9ty zab\u00fadaj\u00fa na pr\u00edjem bielkov\u00edn a to je chyba!","url":"https:\/\/www.agenas.sk\/viacere-diety-zabudaju-na-prijem-bielkovin-a-to-je-chyba\/","datePublished":"2020-12-12","dateModified":"2023-09-13","mainEntityOfPage":"https:\/\/www.agenas.sk\/viacere-diety-zabudaju-na-prijem-bielkovin-a-to-je-chyba\/","author":{"@type":"Person","@id":"https:\/\/www.agenas.sk\/author\/#Person","name":"","url":"https:\/\/www.agenas.sk\/author\/","identifier":1,"image":{"@type":"ImageObject","@id":"https:\/\/secure.gravatar.com\/avatar\/188853cc08cfc4af3f5ef42e51d7aa754653be0300e41daf30a10471d44d4592?s=96&d=mm&r=g","url":"https:\/\/secure.gravatar.com\/avatar\/188853cc08cfc4af3f5ef42e51d7aa754653be0300e41daf30a10471d44d4592?s=96&d=mm&r=g","height":96,"width":96}},"publisher":{"@type":"Organization","name":"agenas.sk","logo":{"@type":"ImageObject","@id":"\/logo.png","url":"\/logo.png","width":600,"height":60}},"image":{"@type":"ImageObject","@id":"https:\/\/www.agenas.sk\/wp-content\/uploads\/%C5%BEena,%20fitness.jpg","url":"https:\/\/www.agenas.sk\/wp-content\/uploads\/%C5%BEena,%20fitness.jpg","height":0,"width":0},"keywords":null}]}