[{"@context":"https:\/\/schema.org\/","@type":"Article","@id":"https:\/\/www.agenas.sk\/laska-k-veciam\/#Article","mainEntityOfPage":"https:\/\/www.agenas.sk\/laska-k-veciam\/","headline":"L\u00e1ska k veciam","name":"L\u00e1ska k veciam","description":"L\u00e1ska by mala by\u0165 prvorad\u00e1. Budem pokra\u010dova\u0165 tam, kde som skon\u010dila. Ak\u00e1 je l\u00e1ska? Nezi\u0161tn\u00e1,<a href=\"https:\/\/www.agenas.sk\/laska-k-veciam\/\" class=\"bizsmart-read-more\">Continue Reading<i class=\"fa fa-long-arrow-right\" aria-hidden=\"true\"><\/i><\/a>","datePublished":"2025-03-02","dateModified":"2025-03-02","author":{"@type":"Person","@id":"https:\/\/www.agenas.sk\/author\/#Person","name":"","url":"https:\/\/www.agenas.sk\/author\/","identifier":1,"image":{"@type":"ImageObject","@id":"https:\/\/secure.gravatar.com\/avatar\/188853cc08cfc4af3f5ef42e51d7aa754653be0300e41daf30a10471d44d4592?s=96&d=mm&r=g","url":"https:\/\/secure.gravatar.com\/avatar\/188853cc08cfc4af3f5ef42e51d7aa754653be0300e41daf30a10471d44d4592?s=96&d=mm&r=g","height":96,"width":96}},"publisher":{"@type":"Organization","name":"agenas.sk","logo":{"@type":"ImageObject","@id":"\/logo.png","url":"\/logo.png","width":600,"height":60}},"image":{"@type":"ImageObject","@id":"https:\/\/www.agenas.sk\/wp-content\/uploads\/img_a288205_w16536_t1527498327.jpg","url":"https:\/\/www.agenas.sk\/wp-content\/uploads\/img_a288205_w16536_t1527498327.jpg","height":0,"width":0},"url":"https:\/\/www.agenas.sk\/laska-k-veciam\/","wordCount":406,"articleBody":"L\u00e1ska by mala by\u0165 prvorad\u00e1. Budem pokra\u010dova\u0165 tam, kde som skon\u010dila. Ak\u00e1 je l\u00e1ska? Nezi\u0161tn\u00e1, \u010dist\u00e1, kr\u00e1sna, l\u00e1ska, ktor\u00e1 sa nevyp\u00edna, nez\u00e1vid\u00ed a\u00a0tak \u010falej&#8230; isto to ka\u017ed\u00fd z\u00a0n\u00e1s u\u017e po\u010dul. No o\u00a0akej l\u00e1ske tu je re\u010d? Sk\u00f4r by som povedala, \u017ee o\u00a0takej l\u00e1ske, kde sa \u013e\u00fabia dve osoby opa\u010dn\u00e9ho pohlavia (dnes u\u017e aj rovnak\u00e9ho pohlavia). No ako je to vtedy, ke\u010f poci\u0165ujeme l\u00e1sku k\u00a0veciam?\u201eJoooj, \u010do to trepe\u0161 za hl\u00faposti.\u201c Si mnoh\u00ed z\u00a0v\u00e1s teraz hovoria. No toto nie s\u00fa blbosti. Mysl\u00edm, \u017ee m\u00f4\u017ee s\u00a0k\u013eudn\u00fdm svedom\u00edm poveda\u0165, \u017ee minim\u00e1lne polovica z\u00a0v\u00e1s patr\u00ed k\u00a0\u013eu\u010fom, ktor\u00ed maj\u00fa tak\u00e9 \u017eivotn\u00e9 kr\u00e9do, \u017ee \u010do je doma, to sa r\u00e1ta. To n\u00e1s nau\u010dili na\u0161i rodi\u010dia, star\u00ed rodi\u010dia alebo pr\u00edbuzn\u00ed. A\u00a0presne o\u00a0tomto tu hovor\u00edm. Mo\u017eno ani nie vedome, ale podvedome si doma hromad\u00edme veci. Mysl\u00edme si, \u017ee \u010d\u00edm viac vec\u00ed m\u00e1me, t\u00fdm viac \u0161\u0165astnej\u0161\u00ed budeme. NO TO V\u00d4BEC NIE JE PRAVDA.L\u00e1ska je vtedy, ke\u010f&#8230; &#8230;ke\u010f sa nejedn\u00e1 o\u00a0hmotn\u00e9 statky. To, \u017ee si k\u00fapite nov\u00fa kabelku, nov\u00e9 \u0161aty alebo tri\u010dko v\u00e1s \u0161\u0165astn\u00fdmi neurob\u00ed. Mo\u017eno na zlomok sekundy, ktor\u00fd sa aj tak za chv\u00ed\u013eu strat\u00ed v\u00a0nen\u00e1vratne a\u00a0v\u00e1m nezostane ni\u010d in\u00e9, len \u00fa\u010det na kreditnej karte alebo kontokorentn\u00fd \u00faver. Chv\u00ed\u013ekov\u00e1 rados\u0165 z\u00a0tak\u00e9hoto n\u00e1kupu nestoj\u00ed za tie premrhan\u00e9 peniaze, ktor\u00e9 sa u\u017e nevr\u00e1tia.\u017de l\u00e1ska pr\u00edde vtedy, ke\u010f ju \u010dlovek najmenej \u010dak\u00e1.Toto prirovnanie sa na veci ani ned\u00e1 pou\u017ei\u0165, preto\u017ee oni prich\u00e1dzaj\u00fa vedome. Jedine, \u017ee by v\u00e1m niekto podaroval nie\u010do do \u00faschovy alebo na narodeniny, ale to je sk\u00f4r v\u00fdnimo\u010dn\u00e9 ako pravidlo. Veci by preto nemali by\u0165 predmetom va\u0161ej l\u00e1sky. Venujte ju sk\u00f4r osob\u00e1m okolo seba. Zasl\u00fa\u017eia si to. Nov\u00fd tablet, notebook, \u010di telef\u00f3n v\u00e1m ich nikdy nenahrad\u00ed. Tak\u00e1 l\u00e1ska je t\u00e1 prav\u00e1. Ni\u010d in\u00e9 v\u00e1s neurob\u00ed \u0161\u0165astnej\u0161\u00edmi ako prav\u00e1 l\u00e1ska. T\u00e1 toti\u017e nemus\u00ed poch\u00e1dza\u0165 len od man\u017eela, ale aj od brata, sestry, mamy, otca, aj oni v\u00e1s toti\u017e miluj\u00fa viac ako \u010doko\u013evek na svete. \u00a0                                                                                                                                                                                                                                                                                                                                                                                        4.2\/5 - (8 votes)        "},{"@context":"https:\/\/schema.org\/","@type":"BreadcrumbList","itemListElement":[{"@type":"ListItem","position":1,"name":"L\u00e1ska k veciam","item":"https:\/\/www.agenas.sk\/laska-k-veciam\/#breadcrumbitem"}]}]