{"@context":"https:\/\/schema.org\/","@type":"CollectionPage","@id":"https:\/\/www.agenas.sk\/domov\/#CollectionPage","headline":"Domov Category","description":"","url":"https:\/\/www.agenas.sk\/domov\/","hasPart":[{"@type":"Article","@id":"https:\/\/www.agenas.sk\/lacnejsie-celorocne-byvanie\/","headline":"Lacnej\u0161ie celoro\u010dn\u00e9 b\u00fdvanie","url":"https:\/\/www.agenas.sk\/lacnejsie-celorocne-byvanie\/","datePublished":"2023-07-17","dateModified":"2023-08-22","mainEntityOfPage":"https:\/\/www.agenas.sk\/lacnejsie-celorocne-byvanie\/","author":{"@type":"Person","@id":"https:\/\/www.agenas.sk\/author\/#Person","name":"","url":"https:\/\/www.agenas.sk\/author\/","identifier":1,"image":{"@type":"ImageObject","@id":"https:\/\/secure.gravatar.com\/avatar\/188853cc08cfc4af3f5ef42e51d7aa754653be0300e41daf30a10471d44d4592?s=96&d=mm&r=g","url":"https:\/\/secure.gravatar.com\/avatar\/188853cc08cfc4af3f5ef42e51d7aa754653be0300e41daf30a10471d44d4592?s=96&d=mm&r=g","height":96,"width":96}},"publisher":{"@type":"Organization","name":"agenas.sk","logo":{"@type":"ImageObject","@id":"\/logo.png","url":"\/logo.png","width":600,"height":60}},"image":{"@type":"ImageObject","@id":"https:\/\/www.agenas.sk\/wp-content\/uploads\/pexels-photo-8112849_1.jpeg","url":"https:\/\/www.agenas.sk\/wp-content\/uploads\/pexels-photo-8112849_1.jpeg","height":0,"width":0},"keywords":null}]}